

{"id":460,"date":"2021-06-17T15:00:49","date_gmt":"2021-06-17T06:00:49","guid":{"rendered":"https:\/\/www.asahizaidan.or.jp\/festival\/?p=460"},"modified":"2021-09-09T18:48:18","modified_gmt":"2021-09-09T09:48:18","slug":"lineup-1959","status":"publish","type":"post","link":"https:\/\/www.asahizaidan.or.jp\/festival\/1958-1967\/lineup-1959\/","title":{"rendered":"1959\u5e74\u306e\u30e9\u30a4\u30f3\u30ca\u30c3\u30d7"},"content":{"rendered":"\n<h2>\u7b2c2\u56de\u5927\u962a\u56fd\u969b\u30d5\u30a7\u30b9\u30c6\u30a3\u30d0\u30eb1959<br>2nd Osaka International Festival 1959<br>1959\u5e744\u670810\u65e5\uff5e5\u670810\u65e5<\/h2>\n\n\n\n<ul><li><a href=\"#anchor1\">4\/10, 12, 13, 15\u3000\u30a6\u30a3\u30fc\u30f3\u56fd\u7acb\u6b4c\u5287\u56e3<\/a><\/li><li><a href=\"#anchor2\">4\/14\u3000\u95a2\u897f\u4ea4\u97ff\u697d\u56e3<\/a><\/li><li><a href=\"#anchor3\">4\/18, 27\u3000\u30de\u30ea\u30b5\uff65\u30ec\u30b0\u30fc\u30ec\u30b9\uff08\u30d4\u30a2\u30ce\uff09<\/a><\/li><li><a href=\"#anchor4\">4\/20, 21\u3000\u30a2\u30eb\u30de\uff65\u30c8\u30ea\u30aa<\/a><\/li><li><a href=\"#anchor5\">4\/22, 25\u3000\u30f4\u30a1\u30ec\u30ea\u30fc\uff65\u30af\u30ea\u30e2\u30d5\uff08\u30f4\u30a1\u30a4\u30aa\u30ea\u30f3\uff09<\/a><\/li><li><a href=\"#anchor6\">4\/29\u3000\u7b8f\u66f2\u6f14\u594f\u4f1a<\/a><\/li><li><a href=\"#anchor7\">5\/1\u3000NHK\u4ea4\u97ff\u697d\u56e3\uff08\u6307\u63ee\uff1a\u30a4\u30fc\u30b4\u30eb\uff65\u30b9\u30c8\u30e9\u30f4\u30a3\u30f3\u30b9\u30ad\u30fc<span class=\"has-inline-color has-luminous-vivid-orange-color\">\uff3b\u521d\u6765\u65e5\uff3d<\/span>\uff09<\/a><\/li><li><a href=\"#anchor8\">5\/3, 5\u3000\u30a2\u30f3\u30c9\u30ec\u30b9\uff65\u30bb\u30b4\u30d3\u30a2\uff08\u30ae\u30bf\u30fc\uff09<\/a><\/li><li><a href=\"#anchor9\">5\/6, 7, 9, 10\u3000\u30b8\u30e3\u30cb\u30fc\u30cc\uff65\u30b7\u30e3\u30e9\uff65\u30d0\u30ec\u30a8\u56e3<\/a><\/li><\/ul>\n\n\n\n<figure id=\"anchor1\" class=\"wp-block-table\"><table><tbody><tr><td><strong><span class=\"has-inline-color has-vivid-cyan-blue-color\">\u30a6\u30a3\u30fc\u30f3\u56fd\u7acb\u6b4c\u5287\u56e3<\/span><\/strong><br>1959\u5e744\u670810\u300112\u300113\u300115\u65e5\u3000\u30d5\u30a7\u30b9\u30c6\u30a3\u30d0\u30eb\u30db\u30fc\u30eb<\/td><\/tr><tr><td>\u6307\u63ee\uff1a\u30cf\u30a4\u30f3\u30ea\u30c3\u30d2\u30fb\u30db\u30eb\u30e9\u30a4\u30b6\u30fc<br>\u6f14\u51fa\uff1a\u30e8\u30fc\u30bc\u30d5\u30fb\u30f4\u30a3\u30c3\u30c8<br>\u30bd\u30ea\u30b9\u30c8\uff1a\u30d1\u30a6\u30eb\u30fb\u30b7\u30e7\u30c3\u30d5\u30e9\u30fc\u3001\u30c6\u30ec\u30b5\u30fb\u30b7\u30e5\u30c6\u30a3\u30c3\u30d2\uff1d\u30e9\u30f3\u30c0\u30eb\u3001\u30f4\u30a3\u30eb\u30de\u30fb\u30ea\u30c3\u30d7\u3001\u30a8\u30fc\u30ea\u30c3\u30d2\u30fb\u30af\u30f3\u30c4\u3001\u30f4\u30a1\u30eb\u30c7\u30de\u30fc\u30fb\u30af\u30e1\u30f3\u30c8\u3001\u30a8\u30c7\u30a3\u30c3\u30c8\u30fb\u30aa\u30e9\u30f4\u30a7\u30c3\u30c4\u3001\u30ea\u30e5\u30a6\u30dc\u30df\u30a2\u30fb\u30d1\u30f3\u30c8\u30b7\u30a7\u30d5\u3001\u6238\u7530\u653f\u5b50\u3001\u4e09\u679d\u559c\u7f8e\u5b50\u3000\u307b\u304b<br>\uff21\uff22\uff23\u4ea4\u97ff\u697d\u56e3<br>\u85e4\u539f\u6b4c\u5287\u56e3\u5408\u5531\u90e8<br>\u6cd5\u6751\u30fb\u53cb\u4e95\u30d0\u30ec\u30a8\u56e3<\/td><\/tr><tr><td>1959\u5e744\u670810\u300115\u65e5<br>\u30e2\u30fc\u30c4\u30a1\u30eb\u30c8\uff1a\u6b4c\u5287\u300c\u30c9\u30f3\u30fb\u30b8\u30e7\u30f4\u30a1\u30f3\u30cb\u300d<br><br>1959\u5e744\u670812\u300113\u65e5<br>\u30e2\u30fc\u30c4\u30a1\u30eb\u30c8\uff1a\u6b4c\u5287\u300c\u30d5\u30a3\u30ac\u30ed\u306e\u7d50\u5a5a\u300d<\/td><\/tr><tr><td><strong><span class=\"has-inline-color has-vivid-cyan-blue-color\">Vienna State Opera Group<\/span><\/strong><br>10th, 12th, 13th and 15th April 1959, Festival Hall, Osaka<\/td><\/tr><tr><td>Conductor:Heinrich Hollreiser<br>Director: Josef Witt<br>Soloists: Paul Schoeffler, Teresa Stich-Randall, Wilma Lipp, Erich Kunz, Waldemar Kmentt, Edith Oravez, Ljubomir Pantscheff, Masako Toda, Kimiko Saegusa, and other performers.<br>ABC Symphony Orchestra<br>Fujiwara Opera Chorus<br>Homura-Tomoi Ballet Group<\/td><\/tr><tr><td>10th and 15th April<br>Mozart: Opera \u201cDon Giovanni\u201d<br><br>12th and 13th April<br>Mozart: Opera \u201cLe Nozze di Figaro\u201d<\/td><\/tr><\/tbody><\/table><\/figure>\n\n\n\n<figure id=\"anchor2\" class=\"wp-block-table\"><table><tbody><tr><td><strong><span class=\"has-inline-color has-vivid-cyan-blue-color\">\u95a2\u897f\u4ea4\u97ff\u697d\u56e3<\/span><\/strong><br>1959\u5e744\u670814\u65e5\u3000\u30d5\u30a7\u30b9\u30c6\u30a3\u30d0\u30eb\u30db\u30fc\u30eb<\/td><\/tr><tr><td>\u6307\u63ee\uff1a\u30d5\u30a7\u30eb\u30ca\u30f3\u30c9\u30fb\u30d7\u30ec\u30f4\u30a3\u30bf\u30fc\u30ea<br><br>\u30ed\u30c3\u30b7\u30fc\u30cb\uff1a\u6b4c\u5287\u300c\u30a2\u30eb\u30b8\u30a7\u30ea\u30a2\u306e\u30a4\u30bf\u30ea\u30a2\u5973\u300d\u5e8f\u66f2<br>\u30d9\u30fc\u30c8\u30fc\u30f4\u30a7\u30f3\uff1a\u4ea4\u97ff\u66f2\u3000\u7b2c5\u756a\u300c\u904b\u547d\u300d<br>\u30ed\u30fc\u30bf\uff1a\u30b8\u30e7\u30f4\u30a3\u30a2\u30fc\u30ec\u306e\u4e3b\u984c\u306b\u3088\u308b\u5909\u594f\u66f2\u3000\u307b\u304b<\/td><\/tr><tr><td><strong><span class=\"has-inline-color has-vivid-cyan-blue-color\">Kansai Symphony Orchestra<\/span><\/strong><br>14th April 1959, Festival Hall, Osaka<\/td><\/tr><tr><td>Fernando Previtali (Cond.)<br><br>Rossini: &#8220;L&#8217;italiana in Algeri&#8221; Overture<br>Beethoven: Symphony No.5 in C minor, Op.67<br>Rota: Variation on a theme of Gioviale etc.<\/td><\/tr><\/tbody><\/table><\/figure>\n\n\n\n<figure id=\"anchor3\" class=\"wp-block-table\"><table><tbody><tr><td><strong><span class=\"has-inline-color has-vivid-cyan-blue-color\">\u30de\u30ea\u30b5\uff65\u30ec\u30b0\u30fc\u30ec\u30b9\uff08\u30d4\u30a2\u30ce\uff09<\/span><\/strong><br>1959\u5e744\u670818\u300127\u65e5\u3000\u30d5\u30a7\u30b9\u30c6\u30a3\u30d0\u30eb\u30db\u30fc\u30eb<\/td><\/tr><tr><td>4\u670818\u65e5<br>\u4eac\u90fd\u5e02\u4ea4\u97ff\u697d\u56e3\uff08\u6307\u63ee\uff1a\u30ab\u30fc\u30eb\uff65\u30c1\u30a7\u30ea\u30a6\u30b9\uff09<br>\u30ef\u30fc\u30b0\u30ca\u30fc\uff1a\u6b4c\u5287\u300c\u30ea\u30a8\u30f3\u30c4\u30a3\u300d\u5e8f\u66f2<br>\u30b7\u30e5\u30fc\u30de\u30f3\uff1a\u30d4\u30a2\u30ce\u5354\u594f\u66f2\u3000\u30a4\u77ed\u8abf<br>\u30e9\u30d5\u30de\u30cb\u30ce\u30d5\uff1a\u30d4\u30a2\u30ce\u5354\u594f\u66f2\u7b2c3\u756a<br><br>4\u670827\u65e5\u3000(\u30ea\u30b5\u30a4\u30bf\u30eb)<br>\u30d9\u30fc\u30c8\u30fc\u30f4\u30a7\u30f3\uff1a\u30d4\u30a2\u30ce\u30fb\u30bd\u30ca\u30bf\u3000\u30a4\u9577\u8abf\u3000\u4f5c\u54c1101<br>\u30b7\u30e7\u30d1\u30f3\uff1a\u8239\u5504\u3000\u5b30\u30d8\u9577\u8abf\u3000\u4f5c\u54c160<br>\u30b7\u30e5\u30fc\u30de\u30f3\uff1a\u300c\u8b1d\u8089\u796d\u300d\u4f5c\u54c1\uff19\u3000\u307b\u304b<\/td><\/tr><tr><td><strong><span class=\"has-inline-color has-vivid-cyan-blue-color\">Marisa Regules (piano)<\/span><\/strong><br>18th and 27th April 1959, Festival Hall, Osaka<\/td><\/tr><tr><td>18th April<br>Kyoto City Symphony Orchestra (Cond.: Carl Celius)<br>Wagner: &#8220;Rienzi&#8221; Overture<br>Schumann: Concerto for Piano &amp; Orchestra in A minor, Op.54<br>Rachmaninoff: Concerto for Piano &amp; Orchestra in D minor, Op.30<br><br>27th April (Recital)<br>Beethoven: Sonata in A Major, Op.101<br>Chopin: Barcarolle in F-sharp Major, Op.60<br>Schumann: Carnival, Op.9 etc.<\/td><\/tr><\/tbody><\/table><\/figure>\n\n\n\n<figure id=\"anchor4\" class=\"wp-block-table\"><table><tbody><tr><td><strong><span class=\"has-inline-color has-vivid-cyan-blue-color\">\u30a2\u30eb\u30de\uff65\u30c8\u30ea\u30aa<\/span><\/strong><br>1959\u5e744\u670820\u65e5\u3000\u30b5\u30f3\u30b1\u30a4\u30db\u30fc\u30eb\uff08\u30ea\u30b5\u30a4\u30bf\u30eb\uff09\u30014\u670821\u65e5\u3000\u30d5\u30a7\u30b9\u30c6\u30a3\u30d0\u30eb\u30db\u30fc\u30eb<\/td><\/tr><tr><td>\u30e2\u30fc\u30ea\u30b9\u30fb\u30a6\u30a3\u30eb\u30af\uff08\u30f4\u30a1\u30a4\u30aa\u30ea\u30f3\uff09\u3000\u30b2\u30a4\u30cf\u30fc\u30fb\u30e9\u30a4\u30c8\u30a6\uff08\u30c1\u30a7\u30ed\uff09<br>\u30a2\u30c9\u30eb\u30d5\u30fb\u30d0\u30e9\u30fc\uff08\u30d4\u30a2\u30ce\uff09<br><br>4\u670820\u65e5<br>\u30d9\u30fc\u30c8\u30fc\u30f4\u30a7\u30f3\uff1a\u30d4\u30a2\u30ce\u4e09\u91cd\u594f\u66f2\u3000\u5909\u30db\u9577\u8abf\u3000\u4f5c\u54c11\u2212\uff11<br>\u30d9\u30fc\u30c8\u30fc\u30f4\u30a7\u30f3\uff1a\u30f4\u30a1\u30a4\u30aa\u30ea\u30f3\u30fb\u30bd\u30ca\u30bf\u3000\u7b2c9\u756a\u300c\u30af\u30ed\u30a4\u30c4\u30a7\u30eb\u300d<br>\u30c9\u30d3\u30e5\u30c3\u30b7\u30fc\uff1a\u30c1\u30a7\u30ed\u30fb\u30bd\u30ca\u30bf\u3000\u30cb\u77ed\u8abf<br>\u30e1\u30f3\u30c7\u30eb\u30b9\u30be\u30fc\u30f3\uff1a\u30d4\u30a2\u30ce\u4e09\u91cd\u594f\u66f2\u3000\u30cb\u77ed\u8abf\u3000\u4f5c\u54c149\u300d<br><br>4\u670821\u65e5<br>\u95a2\u897f\u4ea4\u97ff\u697d\u56e3\uff08\u6307\u63ee\uff1a\u671d\u6bd4\u5948\u9686\uff09<br>\u30e2\u30fc\u30c4\u30a1\u30eb\u30c8\uff1a\u30d4\u30a2\u30ce\u5354\u594f\u66f2\u3000\u30cb\u77ed\u8abf\u3000K.466<br>\u30d6\u30e9\u30fc\u30e0\u30b9\uff1a\u30f4\u30a1\u30a4\u30aa\u30ea\u30f3\u3068\u30c1\u30a7\u30ed\u306e\u305f\u3081\u306e\uff12\u91cd\u5354\u594f\u66f2<br>\u30d9\u30fc\u30c8\u30fc\u30f4\u30a7\u30f3\uff1a\u30f4\u30a1\u30a4\u30aa\u30ea\u30f3\u3001\u30c1\u30a7\u30ed\u3001\u30d4\u30a2\u30ce\u306e\u305f\u3081\u306e\u4e09\u91cd\u5354\u594f\u66f2\u3000\u30cf\u9577\u8abf\u3000\u4f5c\u54c156<\/td><\/tr><tr><td><strong><span class=\"has-inline-color has-vivid-cyan-blue-color\">Alma Trio<\/span><\/strong><br>20th April 1959, Sankei Hall, Tokyo \uff08Recital\uff09<br>21th April 1959, Festival Hall, Osaka (Concerto)<\/td><\/tr><tr><td>20th April<br>Beethoven: Trio in E-flat Major, Op.1, No.1<br>Beethoven: Sonata No.9 in A Major, Op.47 &#8220;Keutzer&#8221;<br>Debussy: Sonata for Cello and Piano in D minor<br>Mendelssohn: Trio in D minor, Op.49<br><br>21th April<br>KANSAI SYMPHONY ORCHESTRA (Conductor: Takashi Asahina)<br>Mozart: Concerto for Piano and Orchestra in D minor, K.466<br>Brahms: Double Concerto for Violin, Cello and Orchhstra in A minor, Op.102<br>Beethoven: Concerto for Violin, Cello, Piano and Orchestra in C Major, Op.56<\/td><\/tr><\/tbody><\/table><\/figure>\n\n\n\n<figure id=\"anchor5\" class=\"wp-block-table\"><table><tbody><tr><td><strong><span class=\"has-inline-color has-vivid-cyan-blue-color\">\u30f4\u30a1\u30ec\u30ea\u30fc\uff65\u30af\u30ea\u30e2\u30d5\uff08\u30f4\u30a1\u30a4\u30aa\u30ea\u30f3\uff09<\/span><\/strong><br>1959\u5e744\u670822\u300125\u65e5\u3000\u30d5\u30a7\u30b9\u30c6\u30a3\u30d0\u30eb\u30db\u30fc\u30eb<\/td><\/tr><tr><td>4\u670822\u65e5\uff08\u30ea\u30b5\u30a4\u30bf\u30eb\uff09<br>\u30d4\u30a2\u30ce\uff1a\u30a6\u30e9\u30b8\u30df\u30fc\u30eb\uff65\u30e4\u30f3\u30dd\u30ea\u30b9\u30ad\u30fc<br>J. S. \u30d0\u30c3\u30cf: \u30bd\u30ca\u30bf\u3000\u7b2c3\u756a\u3000\u30db\u9577\u8abf<br>\u30d6\u30e9\u30fc\u30e0\u30b9\uff1a\u30bd\u30ca\u30bf\u3000\u7b2c3\u756a\u3000\u30cb\u77ed\u8abf\u3000\u4f5c\u54c1108<br>\u30d7\u30ed\u30b3\u30d5\u30a3\u30a8\u30d5\uff1a\u30bd\u30ca\u30bf\u7b2c2\u756a\u3000\u30cb\u9577\u8abf\u3000\u4f5c\u54c194\u3000\u307b\u304b\u3000<br><br>4\u670825\u65e5\u3000<br>\u95a2\u897f\u4ea4\u97ff\u697d\u56e3\uff08\u6307\u63ee\uff1a\u30d5\u30a7\u30eb\u30ca\u30f3\u30c9\uff65\u30d7\u30ec\u30f4\u30a3\u30bf\u30fc\u30ea)<br>\u30f4\u30a7\u30eb\u30c7\u30a3\uff1a\u6b4c\u5287\u300c\u30b7\u30c1\u30ea\u30a2\u5cf6\u306e\u5915\u3079\u306e\u7948\u308a\u300d\u5e8f\u66f2<br>\u30c1\u30e3\u30a4\u30b3\u30d5\u30b9\u30ad\u30fc\uff1a\u30f4\u30a1\u30a4\u30aa\u30ea\u30f3\u5354\u594f\u66f2\u3000\u30cb\u9577\u8abf\u3000\u4f5c\u54c135<br>\u30d9\u30fc\u30c8\u30fc\u30f4\u30a7\u30f3\uff1a\u4ea4\u97ff\u66f2\u3000\u7b2c3\u756a\u3000\u5909\u30db\u9577\u8abf\u3000\u4f5c\u54c155\u300c\u82f1\u96c4\u300d<\/td><\/tr><tr><td><strong><span class=\"has-inline-color has-vivid-cyan-blue-color\">Valery Klimov (Violin)<\/span><\/strong><br>22nd and 25th April 1959, Festival Hall, Osaka<\/td><\/tr><tr><td>22nd April 1959 (Recital)<br>Piano: Uradimir Yampolsky<br>J. S. Bach: Sonata No.3 in E Major<br>Brahms: Sonata No.3 in D minor, Op.108<br>Prokofiev: Sonata No.2 in D Major, Op.94 etc.<br>25th April 1959 (Concerto)<br>Kansai Symphony Orchestra (Conductor: Fernando Previtali)<br>Verdi: \u201cI Vespri Siciliani\u201d Overture<br>Tchaikovsky: Concerto for Violin and Orchestra in D Major, Op.35<br>Beethoven: Symphony No.3 in E-flat Major, Op.55 \u201cEroica\u201d<\/td><\/tr><\/tbody><\/table><\/figure>\n\n\n\n<figure id=\"anchor6\" class=\"wp-block-table\"><table><tbody><tr><td><strong><span class=\"has-inline-color has-vivid-cyan-blue-color\">\u7b8f\u66f2\u6f14\u594f\u4f1a<\/span><\/strong><br>1959\u5e744\u670829\u65e5 \u30d5\u30a7\u30b9\u30c6\u30a3\u30d0\u30eb\u30db\u30fc\u30eb<\/td><\/tr><tr><td>\u7b8f\uff1a\u4e2d\u5cf6\u8b66\u5b50\u3001\u9808\u5c71\u77e5\u884c\u3001\u6850\u5f26\u793e\u3000<br>\u95a2\u897f\u4ea4\u97ff\u697d\u56e3\uff08\u6307\u63ee\uff1a\u5bae\u672c\u653f\u96c4)<br><br>\u5bae\u57ce\u9053\u96c4\uff1a\u4ea4\u58f0\u66f2\u300c\u677e\u300d\uff0f\u300c\u6751\u306e\u6625\u300d\uff0f\u300c\u3055\u3057\u305d\u3046\u5149\u300d\uff0f\u300c\u795d\u5178\u7b8f\u5354\u594f\u66f2\u300d<br>\u5409\u6ca2\u691c\u6821\uff1a\u300c\u5343\u9ce5\u306e\u66f2\u300d<br>\u9808\u5c71\u77e5\u884c\uff1a\u300c\u7b8f\u5408\u594f\u5354\u594f\u66f2\u300d\u3000\u58f1\u8d8a\u8abf\uff08\u30c8\u77ed\u8abf\uff09\u3000\u307b\u304b<\/td><\/tr><tr><td><strong><span class=\"has-inline-color has-vivid-cyan-blue-color\">Grand Koto Concert<\/span><\/strong><br>29th1959 April Festival Hall, Osaka<\/td><\/tr><tr><td>Koto: Keiko Nakajima, Chigyo Suyama, Togensha Group<br>Kansai Symphony Orchestra (Cond.: Masao Miyamoto)<br><br>Michio Miyagi: Cantata MATSU \/ MURA NO HARU \/ SASHISOU HIKARI \/<br>CONCERTO For Koto and Orchestra in Ichikotsu-tune<br>Yoshizawa-Kengyo\uff1aCHIDORI NO KYOKU<br>Chigyo Suyama: CONCERTO GROSSO for Kotos and Orchestra in Ichikotsu-tune<br>etc.<\/td><\/tr><\/tbody><\/table><\/figure>\n\n\n\n<figure id=\"anchor7\" class=\"wp-block-table\"><table><tbody><tr><td><strong><span class=\"has-inline-color has-vivid-cyan-blue-color\">NHK\u4ea4\u97ff\u697d\u56e3\uff08\u6307\u63ee\uff1a\u30a4\u30fc\u30b4\u30eb\uff65\u30b9\u30c8\u30e9\u30f4\u30a3\u30f3\u30b9\u30ad\u30fc<\/span><\/strong><span class=\"has-inline-color has-luminous-vivid-orange-color\">\uff3b\u521d\u6765\u65e5\uff3d<\/span><strong><span class=\"has-inline-color has-vivid-cyan-blue-color\">\uff09<\/span><\/strong><br>1959\u5e745\u67081\u65e5\u3000\u30d5\u30a7\u30b9\u30c6\u30a3\u30d0\u30eb\u30db\u30fc\u30eb<\/td><\/tr><tr><td>\u30b9\u30c8\u30e9\u30f4\u30a3\u30f3\u30b9\u30ad\u30fc\uff1a\u4ea4\u97ff\u8a69\u300c\u591c\u9d2c\u306e\u6b4c\u300d<br>\u30b9\u30c8\u30e9\u30f4\u30a3\u30f3\u30b9\u30ad\u30fc\uff1a\u821e\u8e0a\u7d44\u66f2\u300c\u30da\u30c8\u30eb\u30fc\u30b7\u30e5\u30ab\u300d<br>\u30b9\u30c8\u30e9\u30f4\u30a3\u30f3\u30b9\u30ad\u30fc\uff1a\u5e7b\u60f3\u66f2\u300c\u82b1\u706b\u300d\u4f5c\u54c14<br>\u30b9\u30c8\u30e9\u30f4\u30a3\u30f3\u30b9\u30ad\u30fc\uff1a\u821e\u8e0a\u7d44\u66f2\u300c\u706b\u306e\u9ce5\u300d\u7b2c3\u756a<\/td><\/tr><tr><td><strong><span class=\"has-inline-color has-vivid-cyan-blue-color\">NHK Symphony Orchestra (Igor Stravinsky <\/span><span class=\"has-inline-color has-luminous-vivid-orange-color\">[First Visit to Japan]<\/span><span class=\"has-inline-color has-vivid-cyan-blue-color\">, Conductor)<\/span><\/strong><br>1st May 1959, Festival Hall, Osaka<\/td><\/tr><tr><td>Igor Stravinsky: Symphonic Poem \u201cLe Chant du Rossignol (Song of the Nightingale)\u201d<br>Igor Stravinsky: Suite from \u201cPetrouchka\u201d<br>Igor Stravinsky: Fantasy \u201cFeu d\u2019artifice (Fireworks)\u201d Op.4<br>Igor Stravinsky: \u201cL\u2019Oiseau de Feu (The Fire Bird)\u201d, Suite No.3<\/td><\/tr><\/tbody><\/table><\/figure>\n\n\n\n<figure id=\"anchor8\" class=\"wp-block-table\"><table><tbody><tr><td><strong><span class=\"has-inline-color has-vivid-cyan-blue-color\">\u30a2\u30f3\u30c9\u30ec\u30b9\uff65\u30bb\u30b4\u30d3\u30a2\uff08\u30ae\u30bf\u30fc\uff09<\/span><\/strong><br>1959\u5e745\u67083\u30015\u65e5\u3000\u30d5\u30a7\u30b9\u30c6\u30a3\u30d0\u30eb\u30db\u30fc\u30eb<\/td><\/tr><tr><td>5\u67083\u65e5\uff08\u30ea\u30b5\u30a4\u30bf\u30eb\uff09<br>V. \u30ac\u30ea\u30ec\u30a4\uff1a\u30ea\u30e5\u30fc\u30c8\u306e\u305f\u3081\u306e\uff16\u3064\u306e\u5c0f\u54c1<br>\u30bd\u30eb\uff1a\u30a2\u30f3\u30c0\u30f3\u30c6\u3068\u30a2\u30ec\u30b0\u30ec\u30c3\u30c8\uff0f\u4e3b\u984c\u3068\u5909\u594f<br>J. S. \u30d0\u30c3\u30cf\uff1a\u30ac\u30f4\u30a9\u30c3\u30c8<br>A. \u30b9\u30ab\u30eb\u30e9\u30c3\u30c6\u30a3\uff1a\uff12\u3064\u306e\u5c0f\u54c1<br>\u30f4\u30a3\u30e9=\u30ed\u30dc\u30b9\uff1a\u524d\u594f\u66f2\u3068\u7df4\u7fd2\u66f2<br>\u30a2\u30eb\u30d9\u30cb\u30b9\uff1a\u30bb\u30f4\u30a3\u30ea\u30a2\u3000\u307b\u304b<br><br>5\u67085\u65e5<br>\u95a2\u897f\u4ea4\u97ff\u697d\u56e3\uff08\u6307\u63ee\uff1a\u671d\u6bd4\u5948\u9686)<br>\u30d8\u30f3\u30c7\u30eb\uff1a\u7d44\u66f2\u300c\u6c34\u4e0a\u306e\u97f3\u697d\u300d<br>\u30ab\u30b9\u30c6\u30eb\u30cc\u30aa\u30fc\u30f4\u30a9\u30fb\u30c6\u30c7\u30b9\u30b3\uff1a\u30ae\u30bf\u30fc\u3068\u30aa\u30fc\u30b1\u30b9\u30c8\u30e9\u306e\u305f\u3081\u306e\u5354\u594f\u66f2\u3000\u307b\u304b<\/td><\/tr><tr><td><strong><span class=\"has-inline-color has-vivid-cyan-blue-color\">Andres Segovia (Guitar)<\/span><\/strong><br>3th and 5th May 1959, Festival Hall, Osaka<\/td><\/tr><tr><td>3th May<br>V. Galilei: Six Little Pieces for Lute<br>Sor: Andante and Allegretto<br>J. S. Bach: Gavotte<br>A. Scarlatti: Two Pieces<br>Villa-Lobos: Prelude and Study<br>Albeniz: Sevilla etc.<br><br>5th May<br>Kansai Symphony Orchestra, Takashi Asahina(Cond.)<br>H\u00e4ndel: Suite &#8220;Water Music&#8221;<br>Castelnuovo-Tedesco: Concerto for Guitar and Orchestra in D Major, Op.99 etc.<\/td><\/tr><\/tbody><\/table><\/figure>\n\n\n\n<figure id=\"anchor9\" class=\"wp-block-table\"><table><tbody><tr><td><strong><span class=\"has-inline-color has-vivid-cyan-blue-color\">\u30b8\u30e3\u30cb\u30fc\u30cc\uff65\u30b7\u30e3\u30e9\uff65\u30d0\u30ec\u30a8\u56e3<\/span><\/strong><br>1959\u5e745\u6708\uff16\u3001\uff17\u3001\uff19\u300110\u65e5\u3000\u30d5\u30a7\u30b9\u30c6\u30a3\u30d0\u30eb\u30db\u30fc\u30eb<\/td><\/tr><tr><td>\u30b8\u30e3\u30cb\u30fc\u30cc\u30fb\u30b7\u30e3\u30e9\u3001\u30a8\u30ec\u30fc\u30cc\u30fb\u30c8\u30e9\u30a4\u30ea\u30fc\u30cc\u3001\u30d5\u30a1\u30f3\u30fb\u30b8\u30e5\u30ea\u30a2\u30fc\u30ce\u3001\u30b8\u30e7\u30bc\u30c3\u30c8\u30fb\u30af\u30e9\u30f4\u30a3\u30a8\u3001\u30a2\u30c9\u30eb\u30d5\u30a9\u30fb\u30a2\u30f3\u30c9\u30e9\u30fc\u30c9\u307b\u304b<br>\u5ba2\u6f14\uff1a\u30df\u30ed\u30e9\u30fc\u30c0\u30aa\u30fb\u30df\u30b9\u30b3\u30f4\u30a3\u30c3\u30c1<br>\u97f3\u697d\u6307\u63ee\uff1a\u30c0\u30cb\u30a8\u30eb\u30fb\u30b9\u30c6\u30a3\u30eb\u30f3<br>\u30e1\u30fc\u30c8\u30eb\u30fb\u30c9\u30fb\u30d0\u30ec\u30a8\uff1a\u30ed\u30fc\u30e9\u30f3\u30fb\u30ad\u30e3\u30ba\u30ca\u30fc\u30f4<br><br>\u7ba1\u5f26\u697d\uff1a\u95a2\u897f\u4ea4\u97ff\u697d\u56e3<\/td><\/tr><tr><td>1959\u5e745\u67086\u65e5\u300110\u65e5<br>\u30c1\u30e3\u30a4\u30b3\u30d5\u30b9\u30ad\u30fc\uff1a\uff16\u4eba\u306e\u305f\u3081\u306e\u69cb\u56f3\uff08\u632f\u4ed8\uff1a\u30b8\u30e7\u30f3\u30fb\u30bf\u30e9\u30b9\uff09<br>\u30b0\u30ea\u30fc\u30b0\uff1a\u30b3\u30f3\u30c1\u30a7\u30eb\u30c8\uff08\u632f\u4ed8\uff1a\u30b8\u30e3\u30cb\u30fc\u30cc\u30fb\u30b7\u30e3\u30e9\uff09<br>\u30df\u30f3\u30af\u30b9\uff1a\u30c9\u30f3\u30fb\u30ad\u30db\u30fc\u30c6\uff08\u632f\u4ed8\uff1a\u30d7\u30c6\u30a3\u30d1\uff09<br>\u30b8\u30e3\u30f3\u30fb\u30f4\u30a3\u30a8\u30cd\uff1a\u30d1\u30ea\u306e\u5916\u56fd\u4eba\uff08\u632f\u4ed8\uff1a\u30b8\u30e3\u30cb\u30fc\u30cc\u30fb\u30b7\u30e3\u30e9\uff09<br>\u30ae\u30a4\u30fb\u30d9\u30eb\u30ca\u30fc\u30eb\uff1a\u85fb\uff08\u632f\u4ed8\uff1a\u30b8\u30e3\u30cb\u30fc\u30cc\u30fb\u30b7\u30e3\u30e9\uff09<br><br>1959\u5e745\u67087\u65e5<br>\u30d7\u30cb\u30fc\uff1a\u30d1\u30fb\u30c9\u30fb\u30ab\u30c8\u30eb\uff08\u632f\u4ed8\uff1a\u30a2\u30f3\u30c8\u30f3\u30fb\u30c9\u30fc\u30ea\u30f3\uff09<br>\u30d0\u30f3\u30d5\u30a3\u30fc\u30eb\u30c9\uff1a\u6c7a\u95d8\uff08\u632f\u4ed8\uff1a\u30a6\u30a3\u30ea\u30a2\u30e0\u30fb\u30c0\u30e9\u30fc\uff09<br>\u30a4\u30ef\u30f3\u30fb\u30bb\u30de\u30ce\u30d5\uff1a\u904b\u547d\u306e\u304d\u305a\u306a\uff08\u632f\u4ed8\uff1a\u30bb\u30eb\u30b8\u30e5\u30fb\u30ea\u30d5\u30a1\u30fc\u30eb\uff09<br>\u30c1\u30e3\u30a4\u30b3\u30d5\u30b9\u30ad\u30fc\uff1a\u30d5\u30e9\u30f3\u30c1\u30a7\u30b9\u30ab\u30fb\u30c0\u30fb\u30ea\u30df\u30cb\u3000(\u632f\u4ed8\uff1a\u30bb\u30eb\u30b8\u30e5\u30fb\u30ea\u30d5\u30a1\u30fc\u30eb)<br>\u30e9\u30ed\uff1a\u767d\u306e\u7d44\u66f2\uff08\u632f\u4ed8\uff1a\u30bb\u30eb\u30b8\u30e5\u30fb\u30ea\u30d5\u30a1\u30fc\u30eb\uff09<br><br>1959\u5e745\u67089\u65e5<br>\u30d6\u30e9\u30fc\u30e0\u30b9\uff1a\u30c9\u30df\u30ce\uff08\u632f\u4ed8\uff1a\u30b8\u30e7\u30f3\u30fb\u30bf\u30e9\u30b9\uff09<br>\u30c1\u30e3\u30a4\u30b3\u30d5\u30b9\u30ad\u30fc\uff1a\u30ed\u30e1\u30aa\u3068\u30b8\u30e5\u30ea\u30a8\u30c3\u30c8\uff08\u632f\u4ed8\uff1a\u30bb\u30eb\u30b8\u30e5\u30fb\u30ea\u30d5\u30a1\u30fc\u30eb\uff09<br>\u30de\u30ea\u30a6\u30b9\u30fb\u30b3\u30f3\u30b9\u30bf\u30f3\uff1a\u9ad8\u96fb\u5727\uff08\u632f\u4ed8\uff1a\u30e2\u30fc\u30ea\u30b9\u30fb\u30d9\u30b8\u30e3\u30fc\u30eb\uff09<br>\u30df\u30f3\u30af\u30b9\uff1a\u30d1\u30fb\u30c9\u30fb\u30c8\u30ed\u30ef\uff08\u632f\u4ed8\uff1a\u30d0\u30e9\u30f3\u30b7\u30f3\uff09<br>\u30b5\u30f3\uff1d\u30b5\u30fc\u30f3\u30b9\uff1a\u7015\u6b7b\u306e\u767d\u9ce5\uff08\u632f\u4ed8\uff1a\u30d5\u30a9\u30fc\u30ad\u30f3\uff09<br>\u30b8\u30e3\u30f3\u30fb\u30f4\u30a3\u30a8\u30cd\uff1a\u30d1\u30ea\u306e\u5916\u56fd\u4eba\uff08\u632f\u4ed8\uff1a\u30b8\u30e3\u30cb\u30fc\u30cc\u30fb\u30b7\u30e3\u30e9\uff09<\/td><\/tr><tr><td><strong><span class=\"has-inline-color has-vivid-cyan-blue-color\">Ballets de France of Janine Charrat<\/span><\/strong><br>6th 7th 9th and 10th May 1959, Festival Hall, Osaka<\/td><\/tr><tr><td>Janine Charrat, Helene Tra\u00efline, Juan Giuliano, Josette Clavier, Adolfo Andrade<br>Guest Artist: Milorad Miskovitch<br>Music Director: Daniel Stirn<br>Master of Ballet: Roland Casenave<br><br>Kansai Symphony Orchestra<\/td><\/tr><tr><td>6th , 10th May<br>Tchaikovsky: Dessins pour Six (Choreography: John Taras)<br>Grieg: Concerto (Choreography: J. Charrat)<br>Minkus: Don Quichotte (Choreography: M. Petipa) <br>Wiener: L&#8217; \u00c9trang\u00e8re \u00e0 Paris (Choreography: Janine Charrat\uff09<br>Guy Bernard: Les Algues (Ballet: Louis Bertrand Castelli, Choreography: Janine Charrat)<br><br>7th May<br>Pugy: Pas de Quatre (Chorelgrapy: Anton Dolin)<br>Banfield: Combat (Choreography: Dollar)<br>Yvan Semanoff: Les Liens (Choreography: Janine Charrat)<br>Tchaikovsky: Francesca da Rimini (Choreography: Serge Lifar)<br>Lalo: Suite en Blanc (Choreography: Serge Lifar)<br><br>9th May<br>Brahms: Domino (Choreograpy: John Taras)<br>Tchaicovsky: Romeo et Juliette (Choreography: Serge Lifar)<br>Marius Constant: Haut Voltage (Choreography: Maurice B\u00e9jart)<br>Minkus: Pas de Trois (Choreography: Balanchine)<br>Saint-Sa\u00ebns: Le Mort du Cygne (Choreography: Mikhail Fokine)<br>Wiener: L&#8217; \u00c9trang\u00e8re \u00e0 Paris (Choreography: Janine Charrat\uff09<\/td><\/tr><\/tbody><\/table><\/figure>\n\n\n","protected":false},"excerpt":{"rendered":"<p>\u7b2c2\u56de\u5927\u962a\u56fd\u969b\u30d5\u30a7\u30b9\u30c6\u30a3\u30d0\u30eb19592nd Osaka International Festival 19591959\u5e744\u670810\u65e5\uff5e5\u670810\u65e5 4\/10, 12, 13, 15\u3000\u30a6\u30a3\u30fc\u30f3\u56fd\u7acb\u6b4c\u5287\u56e3 4\/14\u3000\u95a2\u897f\u4ea4\u97ff\u697d\u56e3 [&hellip;]<\/p>\n","protected":false},"author":2,"featured_media":0,"comment_status":"open","ping_status":"open","sticky":false,"template":"","format":"standard","meta":[],"categories":[40,3],"tags":[],"_links":{"self":[{"href":"https:\/\/www.asahizaidan.or.jp\/festival\/wp-json\/wp\/v2\/posts\/460"}],"collection":[{"href":"https:\/\/www.asahizaidan.or.jp\/festival\/wp-json\/wp\/v2\/posts"}],"about":[{"href":"https:\/\/www.asahizaidan.or.jp\/festival\/wp-json\/wp\/v2\/types\/post"}],"author":[{"embeddable":true,"href":"https:\/\/www.asahizaidan.or.jp\/festival\/wp-json\/wp\/v2\/users\/2"}],"replies":[{"embeddable":true,"href":"https:\/\/www.asahizaidan.or.jp\/festival\/wp-json\/wp\/v2\/comments?post=460"}],"version-history":[{"count":17,"href":"https:\/\/www.asahizaidan.or.jp\/festival\/wp-json\/wp\/v2\/posts\/460\/revisions"}],"predecessor-version":[{"id":1005,"href":"https:\/\/www.asahizaidan.or.jp\/festival\/wp-json\/wp\/v2\/posts\/460\/revisions\/1005"}],"wp:attachment":[{"href":"https:\/\/www.asahizaidan.or.jp\/festival\/wp-json\/wp\/v2\/media?parent=460"}],"wp:term":[{"taxonomy":"category","embeddable":true,"href":"https:\/\/www.asahizaidan.or.jp\/festival\/wp-json\/wp\/v2\/categories?post=460"},{"taxonomy":"post_tag","embeddable":true,"href":"https:\/\/www.asahizaidan.or.jp\/festival\/wp-json\/wp\/v2\/tags?post=460"}],"curies":[{"name":"wp","href":"https:\/\/api.w.org\/{rel}","templated":true}]}}