

{"id":700,"date":"2021-07-19T17:51:02","date_gmt":"2021-07-19T08:51:02","guid":{"rendered":"https:\/\/www.asahizaidan.or.jp\/festival\/?p=700"},"modified":"2021-09-09T23:09:36","modified_gmt":"2021-09-09T14:09:36","slug":"lineup-1974","status":"publish","type":"post","link":"https:\/\/www.asahizaidan.or.jp\/festival\/1968-1977\/lineup-1974\/","title":{"rendered":"1974\u5e74\u5ea6\u306e\u30e9\u30a4\u30f3\u30ca\u30c3\u30d7"},"content":{"rendered":"\n<h2>\u7b2c17\u56de\u5927\u962a\u56fd\u969b\u30d5\u30a7\u30b9\u30c6\u30a3\u30d0\u30eb<br>17th Osaka International Festival 1974<br>1974\u5e744\u67085\u65e5\u301c4\u670824\u65e5<\/h2>\n\n\n\n<ul><li><a href=\"#anchor1\">4\/5, 6\u3000\u30e1\u30ad\u30b7\u30b3\u30fb\u30a2\u30b9\u30c8\u30e9\u30f3\u30fb\u30d0\u30ec\u30a8\u56e3<\/a><\/li><li><a href=\"#anchor2\">4\/9, 12\u3000\u30a2\u30f3\u30ca\u30fb\u30e2\u30c3\u30d5\u30a9\uff08\u30bd\u30d7\u30e9\u30ce\uff09<\/a><\/li><li><a href=\"#anchor3\">4\/13\u3000\u30b9\u30c8\u30e9\u30b9\u30d6\u30fc\u30eb\u30fb\u30d1\u30fc\u30ab\u30c3\u30b7\u30e7\u30f3\u30fb\u30b0\u30eb\u30fc\u30d7<\/a><\/li><li><a href=\"#anchor4\">4\/14\u3000\u30d5\u30a7\u30b9\u30c6\u30a3\u30d0\u30eb\u80fd<\/a><\/li><li><a href=\"#anchor5\">4\/16, 17\u3000\u30b7\u30e5\u30c4\u30c3\u30c8\u30ac\u30eb\u30c8\u30fb\u30d0\u30c3\u30cf\u5408\u5531\u56e3\u30fb\u7ba1\u5f26\u697d\u56e3\uff08\u6307\u63ee\uff1a\u30d8\u30eb\u30e0\u30fc\u30c8\u30fb\u30ea\u30ea\u30f3\u30b0\uff09<\/a><\/li><li><a href=\"#anchor6\">4\/19\u3000\u30d4\u30a4\u30b7\u30a7\u30f3\u30fb\u30c1\u30a7\u30f3\uff08\u30d4\u30a2\u30ce\uff09<\/a><\/li><li><a href=\"#anchor7\">4\/23\u3000\u30e9\u30d5\u30a1\u30a8\u30ed\u30fb\u30aa\u30ed\u30b9\u30b3\uff08\u30d4\u30a2\u30ce\uff09<\/a><\/li><li><a href=\"#anchor8\">4\/20, 21, 22, 24\u3000\u30a2\u30e0\u30b9\u30c6\u30eb\u30c0\u30e0\u30fb\u30b3\u30f3\u30bb\u30eb\u30c8\u30d8\u30dc\u30a6\u7ba1\u5f26\u697d\u56e3\uff08\u6307\u63ee\uff1a\u30d9\u30eb\u30ca\u30eb\u30c9\u30fb\u30cf\u30a4\u30c6\u30a3\u30f3\u30af\uff09<\/a><\/li><\/ul>\n\n\n\n<h2>\u7279\u5225\u516c\u6f14<\/h2>\n\n\n\n<ul><li><a href=\"#anchor8\">5\/20, 21, 22\u3000\u30af\u30ea\u30fc\u30f4\u30e9\u30f3\u30c9\u7ba1\u5f26\u697d\u56e3\uff08\u6307\u63ee\uff1a\u30ed\u30ea\u30f3\u30fb\u30de\u30bc\u30fc\u30eb\uff09<\/a><\/li><\/ul>\n\n\n\n<figure id=\"anchor1\" class=\"wp-block-table\"><table><tbody><tr><td><strong><span class=\"has-inline-color has-vivid-cyan-blue-color\">\u30e1\u30ad\u30b7\u30b3\u30fb\u30a2\u30b9\u30c8\u30e9\u30f3\u30fb\u30d0\u30ec\u30a8\u56e3<\/span><\/strong><br>1974\u5e744\u67085\u65e5\u30016\u65e5\u3000\u30d5\u30a7\u30b9\u30c6\u30a3\u30d0\u30eb\u30db\u30fc\u30eb<\/td><\/tr><tr><td>\u82b8\u8853\u76e3\u7763\u30fb\u632f\u4ed8\u30fb\u8863\u88f3\uff1a\u30b7\u30eb\u30d3\u30a2\u30fb\u30ed\u30b6\u30fc\u30ce<br><br>\u30bf\u30e9\u30b9\u30ab\u6c11\u65cf\u306e\u7d50\u5a5a\u5f0f\u306e\u8e0a\u308a<br>\u30aa\u30a2\u30cf\u30ab\u5730\u65b9\u306e\u8e0a\u308a<br>\u30bd\u30ce\u30fc\u30e9\u5730\u65b9\u306e\u8e0a\u308a<br>\u30cf\u30ea\u30b9\u30b3\u5730\u65b9\u306e\u8e0a\u308a<br>\u30e6\u30ab\u30bf\u30f3\u5730\u65b9\u306e\u8e0a\u308a<br>\u30c1\u30a2\u30d1\u30b9\u5730\u65b9\u306e\u8e0a\u308a<br>\u30d7\u30a8\u30d6\u30e9\u5730\u65b9\u306e\u8e0a\u308a<br>\u30d9\u30e9\u30af\u30eb\u30b9\u306e\u796d\u308a<\/td><\/tr><tr><td><strong><span class=\"has-inline-color has-vivid-cyan-blue-color\">Ballet Aztl\u00e1n de M\u00e9xico<\/span><\/strong><br>5th, 6th April 1974, Festival Hall, Osaka<\/td><\/tr><tr><td>Silvia Lozano (Director, Choreographer and Costume Designer)<br><br>Dance of &#8220;Michoacan&#8221; (Tarascan Wedding)<br>Dance of &#8220;Oaxaka&#8221;<br>Dance of &#8220;Sonora&#8221;<br>Dance of &#8220;Jalisco&#8221;<br>Dance of &#8220;Yicatan&#8221;<br>Dance of Chiapas<br>Puebraen<br>Fiesta in Veracruz<\/td><\/tr><\/tbody><\/table><\/figure>\n\n\n\n<figure id=\"anchor2\" class=\"wp-block-table\"><table><tbody><tr><td><strong><span class=\"has-inline-color has-vivid-cyan-blue-color\">\u30a2\u30f3\u30ca\u30fb\u30e2\u30c3\u30d5\u30a9\uff08\u30bd\u30d7\u30e9\u30ce\uff09<\/span><\/strong><br>1974\u5e744\u67089\u65e5\u300112\u65e5\u3000\u30d5\u30a7\u30b9\u30c6\u30a3\u30d0\u30eb\u30db\u30fc\u30eb<\/td><\/tr><tr><td>4\u67089\u65e5<br>\u6307\u63ee\uff1a\u671d\u6bd4\u5948\u9686\u3001\u7ba1\u5f26\u697d\uff1a\u5927\u962a\u30d5\u30a3\u30eb\u30cf\u30fc\u30e2\u30cb\u30fc\u4ea4\u97ff\u697d\u56e3<br><br>\u30f4\u30a7\u30eb\u30c7\u30a3\uff1a\u6b4c\u5287\u300c\u904b\u547d\u306e\u529b\u300d\u5e8f\u66f2<br>\u30ed\u30c3\u30b7\u30fc\u30cb\uff1a\u6b4c\u5287\u300c\u30bb\u30d3\u30ea\u30a2\u306e\u7406\u9aea\u5e2b\u300d\u3088\u308a\u30ed\u30b8\u30fc\u30ca\u306e\u30a2\u30ea\u30a2<br>\u30f4\u30a7\u30eb\u30c7\u30a3\uff1a\u6b4c\u5287\u300c\u30ea\u30b4\u30ec\u30c3\u30c8\u300d\u3088\u308a\u30b8\u30eb\u30c0\u306e\u30a2\u30ea\u30a2\u3000\u300c\u6155\u308f\u3057\u3044\u4eba\u306e\u540d\u306f\u300d<br>\u30b0\u30ce\u30fc\uff1a\u6b4c\u5287\u300c\u30d5\u30a1\u30a6\u30b9\u30c8\u300d\u3088\u308a\u3000\u5b9d\u77f3\u306e\u6b4c<br>\u30f4\u30a7\u30eb\u30c7\u30a3\uff1a\u6b4c\u5287\u300c\u693f\u59eb\u300d\u3088\u308a\u3000\u7b2c\uff11\u5e55\u3078\u306e\u524d\u594f\u66f2\u3001\u30f4\u30a3\u30aa\u30ec\u30c3\u30bf\u306e\u30a2\u30ea\u30a2\u300c\u3042\u3042\u3001\u305d\u306f\u304b\u306e\u4eba\u304b\u300d\u3001\u300c\u82b1\u304b\u3089\u82b1\u3078\u300d<br><br>4\u670812\u65e5<br>\u30d4\u30a2\u30ce\uff1a\u30b8\u30a7\u30fc\u30e0\u30b9\u30fb\u30b7\u30e7\u30fc\u30e1\u30a4\u30c8<br><br>\u30e2\u30fc\u30c4\u30a1\u30eb\u30c8\uff1a\u30e2\u30c6\u30c3\u30c8\u300c\u8e0a\u308c\u3001\u559c\u3079\u3001\u5e78\u3044\u306a\u9b42\u3088\u300d\u3088\u308a\u300c\u30cf\u30ec\u30eb\u30e4\u300d<br>A. \u30b9\u30ab\u30eb\u30e9\u30c3\u30c6\u30a3\uff1a\u30aa\u30e9\u30c8\u30ea\u30aa\u300c\u30a8\u30eb\u30b5\u30ec\u30e0\u306e\u738b\u3000\u30bb\u30c7\u30c1\u30a2\u300d\u3088\u308a\u300c\u71b1\u3044\u8840\u6f6e\u300d\u3001\u30ab\u30f3\u30c4\u30a9\u30cd\u30c3\u30bf\u300c\u604b\u3068\u3044\u3046\u3082\u306e\u306f\u300d<br>\u30c9\u30cb\u30bc\u30c3\u30c6\u30a3\uff1a\u6b4c\u5287\u300c\u9023\u968a\u306e\u5a18\u300d\u3088\u308a\uff12\u3064\u306e\u30a2\u30ea\u30a2\u3000\u300c\u3055\u3088\u3046\u306a\u3089\u300d\uff08\u7b2c\uff11\u5e55\u3088\u308a\uff09\u3001\u300c\u307f\u3093\u306a\u304c\u3054\u305e\u3093\u3058\u300d\uff08\u7b2c\uff12\u5e55\u3088\u308a\uff09<br>\u30de\u30fc\u30e9\u30fc\uff1a\u300c\u6625\u306e\u671d\u300d\u3001\u300c\u30cf\u30f3\u30b9\u3068\u30b0\u30ec\u30fc\u30c6\u300d<br>R. \u30b7\u30e5\u30c8\u30e9\u30a6\u30b9\uff1a\u300c\u4e07\u970a\u7bc0\u300d\u300c\u30c4\u30a7\u30c1\u30fc\u30ea\u30a8\u300d<br>\u30c9\u30cb\u30bc\u30c3\u30c6\u30a3\uff1a\u6b4c\u5287\u300c\u30b7\u30e3\u30e2\u30cb\u30fc\u306e\u30ea\u30f3\u30c0\u300d\u3088\u308a\u300c\u604b\u306e\u708e\u300d<br>\u30e1\u30ce\u30c3\u30c6\u30a3\uff1a\u6b4c\u5287\u300c\u3069\u308d\u307c\u3046\u3068\u30aa\u30fc\u30eb\u30c9\u30fb\u30df\u30b9\u300d\u3088\u308a\u30ec\u30b7\u30bf\u30c6\u30a3\u30fc\u30f4\u30a9\u3068\u30a2\u30ea\u30a2<br>\u30d5\u30a1\u30d0\u30fc\u30e9\u7de8\u66f2\uff1a\u30b7\u30c1\u30ea\u30a2\u306e\u6b4c\u3088\u308a\u300c\u30a2\u30e9\u30fb\u30d0\u30eb\u30b7\u30eb\u30cb\u30b5\u300d<br>\u30c9\u30ea\u30fc\u30d6\uff1a\u300c\u30ab\u30c7\u30a3\u30b9\u306e\u5a18\u305f\u3061\u300d<br>\u30d5\u30a1\u30ea\u30e3\uff1a\u300c\uff17\u3064\u306e\u30b9\u30da\u30a4\u30f3\u6c11\u8b21\u300d\u3088\u308a\u300c\u30e0\u30fc\u30a2\u4eba\u306e\u7e54\u7269\u300d\u3001\u300c\u30db\u30fc\u30bf\u300d<br>\u30aa\u30d6\u30e9\u30c9\u30fc\u30eb\uff1a\u300c\u5927\u3078\u3093\u306b\u3059\u3070\u3089\u3057\u3044\u9aea\u300d\u300c\u3059\u3066\u304d\u306a\u304a\u83d3\u5b50\u306e\u6b4c\u300d<br>\u30b0\u30ce\u30fc\uff1a\u6b4c\u5287\u300c\u30ed\u30df\u30aa\u3068\u30b8\u30e5\u30ea\u30a8\u30c3\u30c8\u300d\u3088\u308a\u3000\u30b8\u30e5\u30ea\u30a8\u30c3\u30c8\u306e\u5186\u821e\u66f2\u300c\u308f\u305f\u3057\u306f\u5922\u306b\u751f\u304d\u305f\u3044\u300d<\/td><\/tr><tr><td><strong><span class=\"has-inline-color has-vivid-cyan-blue-color\">Anna Moffo (Soprano)<\/span><\/strong><br>9th &amp; 12th April 1974, Festival Hall, Osaka<\/td><\/tr><tr><td>9th April<br>Takashi Asahina(Cond.), Osaka Philharmonic Orchestra(Orchestra)<br><br>Verdi: Overture to the opera &#8220;La forza del destino&#8221;<br>Rossini: Aria from the opera &#8220;Il barbi\u00e8re di Siviglia&#8221;<br>Verdi: Aria from the opera &#8220;Rigoletto&#8221;<br>Gounod: &#8220;Air des bijoux&#8221; from the opera &#8220;Faust&#8221;<br>Verdi: Prelude to the first act of the opera &#8220;La Traviata&#8221;<br>Verdi: Arias from the opera &#8220;La Traviata&#8221; Ah, Fors&#8217;e lui che l&#8217;anima (Violetta), Sempre libera degg&#8217;io (Violetta)<br><br>12th April<br>James Shomate (Pf.)<br><br>Mozart: Allelujah, from the Motet, Exsultate, Jubilate<br>Scarlatti: Aria-Caldo sangue, from Il Sedecia, Canzonetta-Chi vuol innamorarsi<br>Donizetti: Two Arias from La Fille du R\u00e9giment\/ Il faut partir (Act \u2160), Chacun le sait (Act \u2161)<br>Mahler: Fr\u00fchlingsmorgen, Hans und Grete<br>R. Strauss: Allerseelen, C\u00e4cilie<br>Donizetti: Recitative and Cavatina-O lice di quest&#8217;anima, from Linda di Chamounix<br>Menotti: Recitative and Aria-Steal me, Sweet Thief, from The Old Maid and the Thief<br>Arr. Favara: Alla barcillunisa, Sicilian Song<br>Delibes: Les Filles de Cadix<br>Falla: Selections from Siete Canciones Populare&#8217;s Espa\u00f1olas\/ El p\u00e1\u00f1o moruno, Jota<br>Obradors: Del cabello mas sutil, Coplas de curro dulce<br>Gounod: Recitative and Aria-Ah, je veux vivre (Juliette&#8217;s Waltz Song), from Rom\u00e9o et Juliette<\/td><\/tr><\/tbody><\/table><\/figure>\n\n\n\n<figure id=\"anchor3\" class=\"wp-block-table\"><table><tbody><tr><td><strong><span class=\"has-inline-color has-vivid-cyan-blue-color\">\u30b9\u30c8\u30e9\u30b9\u30d6\u30fc\u30eb\u30fb\u30d1\u30fc\u30ab\u30c3\u30b7\u30e7\u30f3\u30fb\u30b0\u30eb\u30fc\u30d7<\/span><\/strong><br>1974\u5e744\u670813\u65e5\u3000\u30d5\u30a7\u30b9\u30c6\u30a3\u30d0\u30eb\u30db\u30fc\u30eb<\/td><\/tr><tr><td>\u30b8\u30e3\u30f3\u30fb\u30d0\u30c6\u30a3\u30fc\u30cb\u30e5\u3001\u30ac\u30d6\u30ea\u30a8\u30eb\u30fb\u30d6\u30fc\u30b7\u30a7\u3001\u30b8\u30e3\u30f3\uff1d\u30dd\u30fc\u30eb\u30fb\u30d5\u30a3\u30f3\u30af\u30d9\u30ca\u30fc\u3001\u30c7\u30c8\u30a5\u30ec\u30d5\u30fb\u30ad\u30fc\u30d5\u30a7\u30fc\u30eb\u3001\u30af\u30ed\u30fc\u30c9\u30fb\u30ea\u30af\u30fc\u3001\u30b8\u30e7\u30eb\u30b8\u30e5\u30fb\u30d0\u30f3\u30fb\u30ae\u30e5\u30c3\u30c8<br><br>\u30df\u30ed\u30b9\u30e9\u30d5\u30fb\u30ab\u30d9\u30e9\u30c3\u30af\uff1a\uff18\u3064\u306e\u30a4\u30f3\u30f4\u30a7\u30f3\u30b7\u30e7\u30f3<br>\u30ab\u30b8\u30df\u30a8\u30b7\u30e5\u30fb\u30bb\u30ed\u30c4\u30ad\uff1a\u30b3\u30f3\u30c6\u30a3\u30cc\u30e0<br>\u30a4\u30a2\u30cb\u30b9\u30fb\u30af\u30bb\u30ca\u30ad\u30b9\uff1a\u30da\u30eb\u30bb\u30d5\u30a1\u30b5<\/td><\/tr><tr><td><strong><span class=\"has-inline-color has-vivid-cyan-blue-color\">Les Percussions de Strasbourg<\/span><\/strong><br>13th April 1974, Festival Hall, Osaka<\/td><\/tr><tr><td>Jean Batigne, Gabriel Bouchet, Jean-Paul Finkbeiner, D\u00e9tlef Kieffer, Claude Ricou, Georges van Gucht<br><br>Miloslav Kabelac: Eight Inventions<br>Kazinierz Serocki: Continuum<br>Yannis Xenakis: Persephassa<\/td><\/tr><\/tbody><\/table><\/figure>\n\n\n\n<figure id=\"anchor4\" class=\"wp-block-table\"><table><tbody><tr><td><strong><span class=\"has-inline-color has-vivid-cyan-blue-color\">\u30d5\u30a7\u30b9\u30c6\u30a3\u30d0\u30eb\u80fd<\/span><\/strong><br>1974\u5e744\u670814\u65e5\u3000\u30d5\u30a7\u30b9\u30c6\u30a3\u30d0\u30eb\u30db\u30fc\u30eb<\/td><\/tr><tr><td>\u80fd\u300c\u9262\u6728\u300d\uff08\u559c\u591a\u6d41\uff09\uff1a\u30c4\u30ec\uff08\u9ad8\u6797\u767d\u725b\u53e3\u4e8c\uff09\u3001\u30ef\u30ad\uff08\u677e\u672c\u8b19\u4e09\uff09\u3001\u30b7\u30c6\uff08\u5f8c\u85e4\u5f97\u4e09\uff09\u3001\u30a2\u30a4\uff08\u5b89\u6771\u4f38\u5143\uff09\u3001\u30ef\u30ad\u30c4\u30ec\uff08\u91ce\u53e3\u6566\u5f18\uff09\u3001\u30a2\u30a4\uff08\u5584\u7af9\u5b5d\u592b\uff09<br>\u4ed5\u821e\u300c\u9ad8\u7802\u300d\uff08\u89b3\u4e16\u6d41\uff09\uff1a\u4e95\u4e0a\u5609\u4e45<br>\u4ed5\u821e\u300c\u7389\u4e4b\u6bb5\u300d\uff08\u559c\u591a\u6d41\uff09\uff1a\u7c9f\u8c37\u65b0\u592a\u90ce<br>\u4ed5\u821e\u300c\u7b39\u4e4b\u6bb5\u300d\uff08\u559c\u591a\u6d41\uff09\uff1a\u548c\u5cf6\u5bcc\u592a\u90ce<br>\u80fd\u300c\u4e95\u7b52\u300d\uff08\u89b3\u4e16\u6d41\uff09\uff1a\u30ef\u30ad\uff08\u677e\u672c\u8b19\u4e09\uff09\u3001\u524d\u30b7\u30c6\u30fb\u5f8c\u30b8\u30c6\uff08\u7247\u5c71\u535a\u592a\u90ce\uff09\u3001\u30a2\u30a4\uff08\u5584\u7af9\u5fe0\u4e00\u90ce\uff09<br>\u72c2\u8a00\u300c\u516d\u5730\u8535\u300d\uff08\u5927\u8535\u6d41\uff09\uff1a\u30b7\u30c6\uff08\u5584\u7af9\u5e78\u56db\u90ce\uff09\u3001\u30a2\u30c9\uff08\u5584\u7af9\u5fe0\u4e00\u90ce\uff09\u3001\u30a2\u30c9\uff08\u5584\u7af9\u5fe0\u91cd\uff09\u3001\u30a2\u30c9\uff08\u5584\u7af9\u5341\u90ce\uff09<br>\u80fd\u300c\u7d05\u8449\u72e9\u308a\u300d\uff08\u89b3\u4e16\u6d41\uff09\u30fc\u9b3c\u63c3\u30fc\uff1a\u524d\u30b7\u30c6\u30fb\u5f8c\u30b8\u30c6\uff08\u6885\u82e5\u96c5\u4fca\uff09\u3001\u30c4\u30ec\uff08\u6885\u82e5\u76db\u7fa9\u3001\u6885\u82e5\u5584\u9ad8\u3001\u6885\u82e5\u4fee\u4e00\u3001\u6885\u82e5\u4e07\u4f50\u6674\uff09\u3001\u30a2\u30a4\uff08\u5bae\u5d0e\u7ae0\u6cbb\uff09\u3001\u30ef\u30ad\uff08\u798f\u738b\u8302\u5341\u90ce\uff09\u3001\u30ef\u30ad\u30c4\u30ec\uff08\u798f\u738b\u8f1d\u5e78\uff09\u3001\u30ef\u30ad\u30c4\u30ec\uff08\u690d\u7530\u9686\u4e4b\u4eae\u3001\u4e2d\u6751\u4fe1\u5149\u3001\u77f3\u6751\u54f2\u4e09\u3001\u7530\u4e2d\u654f\u4e4b\uff09\u3001\u30a2\u30a4\uff08\u5584\u7af9\u5fe0\u4e00\u90ce\uff09<\/td><\/tr><tr><td><strong><span class=\"has-inline-color has-vivid-cyan-blue-color\">Festival-Noh<\/span><\/strong><br>14th April 1974, Festival Hall, Osaka<\/td><\/tr><tr><td>Noh play HACHI-NO-KI (Kita School) : Tsure(Takabayashi Kenzo), Waki(Matsumoto Kenzo), Shite(Goto Takuzo)<br>Shimai TAKASAGO (Kanze School): Inoue Kaku<br>Shimai TAMA-NO-DAN (Kita School)\uff1aAwaya Shintaro<br>Shimai SASA-NO-DAN\uff08Kita School)\uff1aWajima Tomitaro<br>Noh play IZUTSU \uff08Kanze School\uff09\uff1aWaki\uff08Matsumoto Kenzo), Maeshite\/Nochijite(Katayama Hirotaro), Ai(Zenchiku Chuichiro) Kyogen ROKU-JIZO(Okura School): Shite(Zenchiku Koshiro), Ado(Zenvhiku Chuichiro, Zenchiku Tadashige, Zenchiku Juro)<br>Noh play MOMIJI-GARI (Kanze School): Maeshite\/Nochijite(Umewaka Masatoahi), Tsure(Umewaka Noriyoshi, Umewaka Yoshitaka, Umewaka Shuichi, Umewaka Masaharu)<br>Ai(Miyazaki Shoji), Waki(Fukuo Shigejuro), Wakitsure(Fukuo Teruyuki, Wakitsure(Ueda Takanosuke, Nakamura Nobumitsu, Ishimura Tetuzo, Tanaka Toshiyuki), Ai (Zenchiku Chuichiro)<\/td><\/tr><\/tbody><\/table><\/figure>\n\n\n\n<figure id=\"anchor5\" class=\"wp-block-table\"><table><tbody><tr><td><strong><span class=\"has-inline-color has-vivid-cyan-blue-color\">\u30b7\u30e5\u30c4\u30c3\u30c8\u30ac\u30eb\u30c8\u30fb\u30d0\u30c3\u30cf\u5408\u5531\u56e3\u30fb\u7ba1\u5f26\u697d\u56e3<\/span><\/strong><br>1974\u5e744\u670816\u65e5\u300117\u65e5 \u30d5\u30a7\u30b9\u30c6\u30a3\u30d0\u30eb\u30db\u30fc\u30eb<\/td><\/tr><tr><td>\u6307\u63ee\uff1a\u30d8\u30eb\u30e0\u30fc\u30c8\u30fb\u30ea\u30ea\u30f3\u30b0<br><br>4\u670816\u65e5\u3000<br>\u72ec\u5531\uff1a\u84b2\u751f\u80fd\u6276\u5b50\uff08\u30bd\u30d7\u30e9\u30ce\uff09\u3001\u30e6\u30ea\u30a2\u30fb\u30cf\u30de\u30ea\uff08\u30a2\u30eb\u30c8\uff09\u3001\u30a2\u30c0\u30eb\u30d9\u30eb\u30c8\u30fb\u30af\u30e9\u30a6\u30b9\uff08\u30c6\u30ce\u30fc\u30eb\uff09\u3001\u30cb\u30b3\u30e9\u30a6\u30b9\u30fb\u30c6\u30e5\u30fc\u30ec\u30eb\uff08\u30d0\u30b9\u30fb\u30d0\u30ea\u30c8\u30f3\uff09\u3001\u30d5\u30a3\u30ea\u30c3\u30da\u30fb\u30d5\u30c3\u30c6\u30f3\u30ed\u30c3\u30d8\u30eb\uff08\u30d0\u30b9\uff09<br>J. S. \u30d0\u30c3\u30cf\uff1a\u30df\u30b5\u66f2\u3000\u30ed\u77ed\u8abf\u3000BWV 232<br><br>4\u670817\u65e5<br>\u72ec\u5531\uff1a\u30b2\u30eb\u30c6\u30a3\u30fb\u30c4\u30a9\u30a4\u30de\u30fc\uff08\u30bd\u30d7\u30e9\u30ce\uff09\u3001\u30a2\u30c0\u30eb\u30d9\u30eb\u30c8\u30fb\u30af\u30e9\u30a6\u30b9\uff08\u30c6\u30ce\u30fc\u30eb\uff09\u3001\u30cb\u30b3\u30e9\u30a6\u30b9\u30fb\u30c6\u30e5\u30fc\u30ec\u30eb\uff08\u30d0\u30b9\u30fb\u30d0\u30ea\u30c8\u30f3\uff09<br>\u30cf\u30a4\u30c9\u30f3\uff1a\u30aa\u30e9\u30c8\u30ea\u30aa\u300c\u5929\u5730\u5275\u9020\u300d<\/td><\/tr><tr><td><strong><span class=\"has-inline-color has-vivid-cyan-blue-color\">G\u00e4chinger Kankorei (Chorus), Bach Collegium Stuttgart (Orchestra)<\/span><\/strong><br>16th &amp; 17th April 1974, Festival Hall, Osaka<\/td><\/tr><tr><td>Helmuth Rilling (Cond.)<br><br>16th April<br>Soloists: Nobuko Gamo (Sop.), Julia Hamari (Alt.), Adalbert Kraus (Ten.), Niklaus T\u00fcller (B-Bar.), Phillppe Huttenlocher (Bas.)<br>J. S. Bach: Mass in b minor, BWV 232<br><br>17th April<br>Soloists: Gerti Zeumer (Sop.), Adalbert Kraus (Ten.), Niklaus T\u00fcller (B-Bar.)<br>Haydn: &#8220;The Creation&#8221;<\/td><\/tr><\/tbody><\/table><\/figure>\n\n\n\n<figure id=\"anchor6\" class=\"wp-block-table\"><table><tbody><tr><td><strong><span class=\"has-inline-color has-vivid-cyan-blue-color\">\u30d4\u30a4\u30b7\u30a7\u30f3\u30fb\u30c1\u30a7\u30f3\uff08\u30d4\u30a2\u30ce\uff09<\/span><\/strong><br>1974\u5e744\u670819\u65e5\u3000\u30d5\u30a7\u30b9\u30c6\u30a3\u30d0\u30eb\u30db\u30fc\u30eb<\/td><\/tr><tr><td>\u6307\u63ee\uff1a\u624b\u585a\u5e78\u7d00\u3001\u7ba1\u5f26\u697d\uff1a\u5927\u962a\u30d5\u30a3\u30eb\u30cf\u30fc\u30e2\u30cb\u30fc\u4ea4\u97ff\u697d\u56e3<br><br>\u30ea\u30b9\u30c8\uff1a\u30bd\u30ca\u30bf\u98a8\u5e7b\u60f3\u66f2\u300c\u30c0\u30f3\u30c6\u3092\u8aad\u3093\u3067\u300d\uff0f\u300c\u5de1\u793c\u306e\u5e74\u300d\u7b2c2\u5e74\u3088\u308a<br>\u30e9\u30f4\u30a7\u30eb\uff1a\u591c\u306e\u30ac\u30b9\u30d1\u30fc\u30eb<br>\u30d9\u30fc\u30c8\u30fc\u30f4\u30a7\u30f3\uff1a\u30d4\u30a2\u30ce\u5354\u594f\u66f2\u7b2c4\u756a\u3000\u30c8\u9577\u8abf\u3000\u4f5c\u54c158<\/td><\/tr><tr><td><strong><span class=\"has-inline-color has-vivid-cyan-blue-color\">Pi-Hsien Chen Piano Concerto<\/span><\/strong><br>19th April 1974, Festival Hall, Osaka<\/td><\/tr><tr><td>Yukinori Tezuka (Cond.), Osaka Philharmonic Orchestra<br><br>Liszt: Fantasia quasi sonata &#8221; Apres une lecture de Dante&#8221; from &#8220;Ann\u00e9es de p\u00e9lerinage&#8221;, 2e ann\u00e9e<br>Ravel: &#8220;Gaspard de la Nuit&#8221;<br>Beethoven: Piano Concerto No.4 in G Major, Op.58<\/td><\/tr><\/tbody><\/table><\/figure>\n\n\n\n<figure id=\"anchor7\" class=\"wp-block-table\"><table><tbody><tr><td><strong><span class=\"has-inline-color has-vivid-cyan-blue-color\">\u30e9\u30d5\u30a1\u30a8\u30ed\u30fb\u30aa\u30ed\u30b9\u30b3\uff08\u30d4\u30a2\u30ce\uff09<\/span><\/strong><br>1974\u5e744\u670823\u65e5 \u30d5\u30a7\u30b9\u30c6\u30a3\u30d0\u30eb\u30db\u30fc\u30eb<\/td><\/tr><tr><td>\u30e2\u30fc\u30c4\u30a1\u30eb\u30c8\uff1a\u30bd\u30ca\u30bf\u3000\u30a4\u9577\u8abf\u3000K.331<br>\u30d9\u30fc\u30c8\u30fc\u30f4\u30a7\u30f3\uff1a\u30bd\u30ca\u30bf\u7b2c23\u756a\u3000\u3078\u77ed\u8abf\u3000\u4f5c\u54c157\u300c\u60c5\u71b1\u300d<br>\u30b7\u30e7\u30d1\u30f3\uff1a12\u306e\u7df4\u7fd2\u66f2\u3000\u4f5c\u54c110\uff08\u7b2c\uff11\u756a\u301c\u7b2c12\u756a\uff09<\/td><\/tr><tr><td><strong><span class=\"has-inline-color has-vivid-cyan-blue-color\">Rafael Orozco Piano Recital<\/span><\/strong><br>23rd April 1974, Festival Hall, Osaka<\/td><\/tr><tr><td>Mozart: Sonata in A Major, K.331<br>Beethoven: Sonata No.23 in f minor, Op.57 &#8220;Appassionata&#8221;<br>Chopin: Twelve \u00e9tudes, Op.10 (No.1\uff5eNo.12)<\/td><\/tr><\/tbody><\/table><\/figure>\n\n\n\n<figure id=\"anchor8\" class=\"wp-block-table\"><table><tbody><tr><td><strong><span class=\"has-inline-color has-vivid-cyan-blue-color\">\u30a2\u30e0\u30b9\u30c6\u30eb\u30c0\u30e0\u30fb\u30b3\u30f3\u30bb\u30eb\u30c8\u30d8\u30dc\u30a6\u7ba1\u5f26\u697d\u56e3<\/span><\/strong><br>1974\u5e744\u670820\u65e5\u300121\u65e5\u300122\u65e5\u300124\u65e5\u3000\u30d5\u30a7\u30b9\u30c6\u30a3\u30d0\u30eb\u30db\u30fc\u30eb<\/td><\/tr><tr><td>\u6307\u63ee\uff1a\u30d9\u30eb\u30ca\u30eb\u30c9\u30fb\u30cf\u30a4\u30c6\u30a3\u30f3\u30af<br><br>4\u670820\u65e5<br>\u30d6\u30e9\u30fc\u30e0\u30b9\uff1a\u30cf\u30a4\u30c9\u30f3\u306e\u4e3b\u984c\u306b\u3088\u308b\u5909\u594f\u66f2\u5909\u30ed\u9577\u8abf\u3000\u4f5c\u54c156a<br>\u30de\u30fc\u30e9\u30fc\uff1a\u4ea4\u97ff\u66f2\u7b2c10\u756a\u3000\u5b30\u30d8\u9577\u8abf\u3088\u308a\u30a2\u30c0\u30fc\u30b8\u30e7<br>R. \u30b7\u30e5\u30c8\u30e9\u30a6\u30b9\uff1a\u4ea4\u97ff\u8a69\u300c\u82f1\u96c4\u306e\u751f\u6daf\u300d\u4f5c\u54c140<br><br>4\u670821\u65e5<br>\u30d6\u30e9\u30fc\u30e0\u30b9\uff1a\u60b2\u5287\u7684\u5e8f\u66f2\u3000\u4f5c\u54c18<br>\u30b9\u30c8\u30e9\u30f4\u30a3\u30f3\u30b9\u30ad\u30fc\uff1a\u7ba1\u5f26\u697d\u306e\u305f\u3081\u306e\u4ea4\u97ff\u66f2<br>\u30e9\u30f4\u30a7\u30eb\uff1a\u512a\u96c5\u3067\u611f\u50b7\u7684\u306a\u30ef\u30eb\u30c4<br>\u30d9\u30fc\u30c8\u30fc\u30f4\u30a7\u30f3\uff1a\u4ea4\u97ff\u66f2\u7b2c7\u756a\u3000\u30a4\u9577\u8abf\u3000\u4f5c\u54c192<br><br>4\u670822\u65e5<br>\u30d4\u30a2\u30ce\u72ec\u594f\uff1a\u30d4\u30a4\u30b7\u30a7\u30f3\u30fb\u30c1\u30a7\u30f3<br>\u30e2\u30fc\u30c4\u30a1\u30eb\u30c8\uff1a\u30d4\u30a2\u30ce\u5354\u594f\u66f2\u7b2c26\u756a\u3000\u30cb\u9577\u8abf\u3000K.537\u300c\u6234\u51a0\u5f0f\u300d<br>\u30d6\u30eb\u30c3\u30af\u30ca\u30fc\uff1a\u4ea4\u97ff\u66f2\u7b2c5\u756a\u3000\u5909\u30ed\u9577\u8abf<br><br>4\u670824\u65e5<br>\u30cf\u30a4\u30c9\u30f3\uff1a\u4ea4\u97ff\u66f2\u7b2c95\u756a\u3000\u30cf\u77ed\u8abf<br>\u30c7\u30fb\u30ec\u30fc\u30a6\uff1a\u7ba1\u697d\u5668\u306e\u305f\u3081\u306e\u4ea4\u97ff\u66f2<br>\u30e9\u30f4\u30a7\u30eb\uff1a\u30b9\u30da\u30a4\u30f3\u72c2\u8a69\u66f2<br>\u30c9\u30f4\u30a9\u30eb\u30b6\u30fc\u30af\uff1a\u4ea4\u97ff\u66f2\u7b2c8\u756a\u3000\u30c8\u9577\u8abf\u3000\u4f5c\u54c188<\/td><\/tr><tr><td><strong><span class=\"has-inline-color has-vivid-cyan-blue-color\">Amsterdam Concertgebouw Orchestra<\/span><\/strong><br>20th, 21st, 22nd &amp; 24th April 1974, Festival Hall, Osaka<\/td><\/tr><tr><td>Bernard Haitink (Cond.)<br><br>20th April<br>Brahms: Variations on a Thema of Haydn, in B-flat Major, Op.56a<br>Mahler: Adagio from Symphony No.10 in F-sharp Major<br>R. Strauss: Symphonic Poem &#8220;Ein Heldenleben&#8221;, Op.40<br><br>21st April<br>Brahms: Tragic Overture, Op.81<br>Stravinsky: Symphonies of Wind Instruments<br>Ravel: &#8220;Valses Nobles et Sentimentales&#8221;<br>Beethoven: Symphony No. 7 in A Major, Op.92<br><br>22nd April<br>Pi-Hsien Chen(Pf.)<br>Mozart: Piano Concerto No. 26 in D Major, K.537, &#8220;Coronation&#8221;<br>Bruckner: Symphony No. 5 in B-flat Major<br><br>24th April<br>Haydn: Symphony No.95 in c minor<br>De Leeuw: Symphonies of Wind<br>Ravel: &#8220;Rapsodie espagnole&#8221;<br>Dvo\u0159\u00e1k: Symphony No. 8 in G Major, Op.88<\/td><\/tr><\/tbody><\/table><\/figure>\n\n\n\n<h2>\u7279\u5225\u516c\u6f14<\/h2>\n\n\n\n<figure id=\"anchor9\" class=\"wp-block-table\"><table><tbody><tr><td><strong><span class=\"has-inline-color has-vivid-cyan-blue-color\">\u30af\u30ea\u30fc\u30f4\u30e9\u30f3\u30c9\u7ba1\u5f26\u697d\u56e3<\/span><\/strong><br>1974\u5e745\u670820\u65e5\u300121\u65e5\u300122\u65e5\u3000\u30d5\u30a7\u30b9\u30c6\u30a3\u30d0\u30eb\u30db\u30fc\u30eb<\/td><\/tr><tr><td>\u6307\u63ee\uff1a\u30ed\u30ea\u30f3\u30fb\u30de\u30bc\u30fc\u30eb<br><br>5\u670820\u65e5<br>\u30d9\u30fc\u30c8\u30fc\u30f4\u30a7\u30f3\uff1a\u4ea4\u97ff\u66f2\u7b2c4\u756a\u3000\u5909\u30ed\u9577\u8abf\u3000\u4f5c\u54c160<br>\u30d9\u30eb\u30ea\u30aa\u30fc\u30ba\uff1a\u5e7b\u60f3\u4ea4\u97ff\u66f2\u3000\u4f5c\u54c114<br><br>5\u670821\u65e5<br>\u30d7\u30ed\u30b3\u30d5\u30a3\u30a8\u30d5\uff1a\u821e\u8e0a\u97f3\u697d\u300c\u30ed\u30df\u30aa\u3068\u30b8\u30e5\u30ea\u30a8\u30c3\u30c8\u300d\u7d44\u66f2\u3000\u4f5c\u54c164<br>\u30e9\u30f4\u30a7\u30eb\uff1a\u821e\u8e0a\u97f3\u697d\u300c\u30c0\u30d5\u30cb\u30b9\u3068\u30af\u30ed\u30a8\u300d<br><br>5\u670822\u65e5<br>R. \u30b7\u30e5\u30c8\u30e9\u30a6\u30b9\uff1a\u4ea4\u97ff\u8a69\u300c\u30c4\u30a1\u30e9\u30c8\u30b9\u30c8\u30e9\u306f\u304b\u304f\u8a9e\u308a\u304d\u300d\u4f5c\u54c130<br>\u30d0\u30eb\u30c8\u30fc\u30af\uff1a\u4e8c\u3064\u306e\u6620\u50cf\u3000\u4f5c\u54c110<br>\u30ac\u30fc\u30b7\u30e5\u30a4\u30f3\uff1a\u30d1\u30ea\u306e\u30a2\u30e1\u30ea\u30ab\u4eba<\/td><\/tr><tr><td><strong><span class=\"has-inline-color has-vivid-cyan-blue-color\">The Cleveland Orchestra<\/span><\/strong> <br>20th, 21st &amp; 22nd May 1974, Festival Hall, Osaka<\/td><\/tr><tr><td>Lorin Maazel (Cond.)<br><br>20th May<br>Beethoven: Symphony No.4 in b flat Major, Op.60<br>Berlioz: Symphony Fantastique, Op.14<br><br>21st May<br>Prokofiev: Suite from the ballet &#8220;Romeo and Juliet&#8221;, Op.64<br>Ravel: Ballet &#8220;Daphnis at Chlo\u00e9&#8221;<br>22nd May<br>Lorin Maazel (Cond.)<br>R. Strauss: Also sprach Zarathustra, Tone poem after Nietzsche Op.30<br>Bartok: Deux images, Op.10<br>Gershwin: An American in Paris<\/td><\/tr><\/tbody><\/table><\/figure>\n\n\n\n<p><\/p>\n","protected":false},"excerpt":{"rendered":"<p>\u7b2c17\u56de\u5927\u962a\u56fd\u969b\u30d5\u30a7\u30b9\u30c6\u30a3\u30d0\u30eb17th Osaka International Festival 19741974\u5e744\u67085\u65e5\u301c4\u670824\u65e5 4\/5, 6\u3000\u30e1\u30ad\u30b7\u30b3\u30fb\u30a2\u30b9\u30c8\u30e9\u30f3\u30fb\u30d0\u30ec\u30a8\u56e3 4\/9, 12\u3000\u30a2\u30f3\u30ca\u30fb\u30e2\u30c3\u30d5\u30a9\uff08\u30bd [&hellip;]<\/p>\n","protected":false},"author":2,"featured_media":0,"comment_status":"open","ping_status":"open","sticky":false,"template":"","format":"standard","meta":[],"categories":[58,2],"tags":[],"_links":{"self":[{"href":"https:\/\/www.asahizaidan.or.jp\/festival\/wp-json\/wp\/v2\/posts\/700"}],"collection":[{"href":"https:\/\/www.asahizaidan.or.jp\/festival\/wp-json\/wp\/v2\/posts"}],"about":[{"href":"https:\/\/www.asahizaidan.or.jp\/festival\/wp-json\/wp\/v2\/types\/post"}],"author":[{"embeddable":true,"href":"https:\/\/www.asahizaidan.or.jp\/festival\/wp-json\/wp\/v2\/users\/2"}],"replies":[{"embeddable":true,"href":"https:\/\/www.asahizaidan.or.jp\/festival\/wp-json\/wp\/v2\/comments?post=700"}],"version-history":[{"count":14,"href":"https:\/\/www.asahizaidan.or.jp\/festival\/wp-json\/wp\/v2\/posts\/700\/revisions"}],"predecessor-version":[{"id":1054,"href":"https:\/\/www.asahizaidan.or.jp\/festival\/wp-json\/wp\/v2\/posts\/700\/revisions\/1054"}],"wp:attachment":[{"href":"https:\/\/www.asahizaidan.or.jp\/festival\/wp-json\/wp\/v2\/media?parent=700"}],"wp:term":[{"taxonomy":"category","embeddable":true,"href":"https:\/\/www.asahizaidan.or.jp\/festival\/wp-json\/wp\/v2\/categories?post=700"},{"taxonomy":"post_tag","embeddable":true,"href":"https:\/\/www.asahizaidan.or.jp\/festival\/wp-json\/wp\/v2\/tags?post=700"}],"curies":[{"name":"wp","href":"https:\/\/api.w.org\/{rel}","templated":true}]}}