

{"id":840,"date":"2021-08-16T15:47:09","date_gmt":"2021-08-16T06:47:09","guid":{"rendered":"https:\/\/www.asahizaidan.or.jp\/festival\/?p=840"},"modified":"2021-08-16T15:47:10","modified_gmt":"2021-08-16T06:47:10","slug":"lineup-1990","status":"publish","type":"post","link":"https:\/\/www.asahizaidan.or.jp\/festival\/1988-1997\/lineup-1990\/","title":{"rendered":"1990\u5e74\u5ea6\u306e\u30e9\u30a4\u30f3\u30ca\u30c3\u30d7"},"content":{"rendered":"\n<h2>\u7b2c32\u56de\u5927\u962a\u56fd\u969b\u30d5\u30a7\u30b9\u30c6\u30a3\u30d0\u30eb<br>32nd Osaka International Festival 1990<br>1990\u5e744\u67087\u65e5\u301c5\u670811\u65e5<\/h2>\n\n\n\n<ul><li><a href=\"#anchor1\">4\/7\u30018\u3000\u6771\u4eac\u30d0\u30ec\u30a8\u56e3\u300c\u30b8\u30e7\u30eb\u30b8\u30e5\u30fb\u30c9\u30f3\u306e\u30dc\u30ec\u30ed\u300d<\/a><\/li><li><a href=\"#anchor2\">4\/11\u3000\u30ac\u30ea\u30fc\u30ca\u30fb\u30cf\u30a4\u30d5\u30a7\u30c3\u30c4\uff08\u30f4\u30a1\u30a4\u30aa\u30ea\u30f3\uff09<\/a><\/li><li><a href=\"#anchor3\">4\/15\u3000\u30d5\u30a7\u30b9\u30c6\u30a3\u30d0\u30eb\u80fd<\/a><\/li><li><a href=\"#anchor4\">4\/23\u3000\u30ec\u30c3\u30e9\u30fb\u30af\u30d9\u30eb\u30ea\uff08\u30bd\u30d7\u30e9\u30ce\uff09<\/a><\/li><li><a href=\"#anchor5\">4\/26\u300127\u3000\u30b7\u30e5\u30c4\u30c3\u30c8\u30ac\u30eb\u30c8\u30fb\u30d0\u30ec\u30a8\u56e3<\/a><\/li><li><a href=\"#anchor6\">5\/9\u3000\u30a2\u30f3\u30d8\u30eb\u30fb\u30ed\u30e1\u30ed\uff08\u30ae\u30bf\u30fc\uff09<\/a><\/li><li><a href=\"#anchor7\">5\/10\u300111\u3000\u30d0\u30f3\u30d9\u30eb\u30af\u4ea4\u97ff\u697d\u56e3\uff08\u6307\u63ee\uff1a\u30db\u30eb\u30b9\u30c8\u30fb\u30b7\u30e5\u30bf\u30a4\u30f3\uff09<\/a><\/li><\/ul>\n\n\n\n<h2>\u7279\u5225\u516c\u6f14<\/h2>\n\n\n\n<ul><li>5\/28\u300129\u3000\u7b2c3\u56de\u30aa\u30da\u30e9\u30fb\u30ac\u30e9\u30fb\u30b3\u30f3\u30b5\u30fc\u30c8\uff08\u30a2\u30b0\u30cd\u30b9\u30fb\u30d0\u30eb\u30c4\u30a1\u3001\u30ac\u30d6\u30ea\u30a8\u30e9\u30fb\u30d9\u30c1\u30e3\u30cb\u30b3\u30f4\u30a1\u30fc\u307b\u304b\uff09<\/li><li>9\/17\u3000\u30d5\u30e9\u30f3\u30b7\u30b9\u30b3\u30fb\u30a2\u30e9\u30a4\u30b5\uff08\u30c6\u30ce\u30fc\u30eb\uff09<\/li><li>11\/5\u30017\u3000\u30d9\u30eb\u30ea\u30f3\u56fd\u7acb\u6b4c\u5287\u5834\u300c\u3070\u3089\u306e\u9a0e\u58eb\u300d\u300c\u9b54\u7b1b\u300d<\/li><li>11\/13\u300114\u3000\u30e2\u30fc\u30ea\u30b9\u30fb\u30d9\u30b8\u30e3\u30fc\u30eb\u30fb\u30d0\u30ec\u30a8\u56e3\u300c\u30d4\u30e9\u30df\u30c3\u30c9\u300d\u300c\u6625\u306e\u796d\u5178\u300d\u300c\u30cf\u30e0\u30ec\u30c3\u30c8\u300d\u300c\u7d44\u66f21\u30017\u30018\u30019\u300d<\/li><li>11\/21\u3000\u30d9\u30eb\u30ea\u30f3\u56fd\u7acb\u6b4c\u5287\u5834\u30d0\u30ec\u30a8\u56e3\u300c\u30b8\u30bc\u30eb\u300d<\/li><li>11\/27\u300128\u3000\u30b1\u30eb\u30f3\u653e\u9001\u4ea4\u97ff\u697d\u56e3\uff08\u6307\u63ee\uff1a\u30ac\u30ea\u30fc\u30fb\u30d9\u30eb\u30c6\u30a3\u30fc\u30cb\uff09<\/li><\/ul>\n\n\n\n<figure id=\"anchor1\" class=\"wp-block-table\"><table><tbody><tr><td><strong><span class=\"has-inline-color has-vivid-cyan-blue-color\">\u6771\u4eac\u30d0\u30ec\u30a8\u56e3\u300c\u30b8\u30e7\u30eb\u30b8\u30e5\u30fb\u30c9\u30f3\u306e\u30dc\u30ec\u30ed\u300d<\/span><\/strong><br>1990\u5e744\u67087\u65e5\u30018\u65e5<\/td><\/tr><tr><td>\u300c\u821e\u697d\u300d\uff1a\u658e\u85e4\u53cb\u4f73\u7406\u3001\u52dd\u53c8\u307e\u3086\u307f\u3001\u4f50\u91ce\u5fd7\u7e54\u3001\u98ef\u7530\u5b97\u5b5d\uff0f\u6a3d\u4e95\u88d5\u5178\u3001\u9ad8\u5cb8\u76f4\u6a39\/\u677e\u5ca1\u5b8f\u3001\u68ee\u7530\u96c5\u9806\uff0f\u9234\u6728\u8cc0\u5f8b\u4e5f<br>\u3000<br>\u300c\u30de\u30ea\u30aa\u30cd\u30c3\u30c8\u306e\u751f\u3068\u6b7b\u300d\uff1a\u30b8\u30e7\u30eb\u30b8\u30e5\u30fb\u30c9\u30f3\u3000\u65e5\u7389\u6d69\u53f2\u3001\u6c38\u4e95\u5eb7\u5b5d\u3001\u9996\u85e4\u5eb7\u4e4b<br>\u3000<br>\u300c\u30a2\u30c0\u30fc\u30b8\u30a7\u30c3\u30c8\u300d\uff1a\u30b8\u30e7\u30eb\u30b8\u30e5\u30fb\u30c9\u30f3<br>\u3000<br>\u300c\u706b\u306e\u9ce5\u300d\uff1a\u9ad8\u5cb8\u76f4\u6a39\uff0f\u6728\u6751\u548c\u592b\uff08\u706b\u306e\u9ce5\uff09\u3001\u6728\u6751\u548c\u592b\/\u9ad8\u5cb8\u76f4\u6a39\uff08\u30d5\u30a7\u30cb\u30c3\u30af\u30b9\uff09\u3001\u658e\u85e4\u53cb\u4f73\u7406\uff0f\u6c38\u4e95\u7f8e\u6674\u3001\u4f50\u91ce\u5fd7\u7e54\uff0f\u4e2d\u5cf6\u4e9c\u5e0c\u5b50\u3001\u52dd\u53c8\u307e\u3086\u307f\uff0f\u7af9\u5185\u4e09\u4f73\u5b50\u3001\u897f\u8107\u4fe1\u7537\uff0f\u7530\u4e2d\u82f1\u5e78\u3001\u98ef\u7530\u5b97\u5b5d\uff0f\u690d\u6751\u516c\u6625\u3001\u68ee\u7530\u96c5\u9806\uff56\u6a3d\u4e95\u88d5\u5178\u3001\u9234\u6728\u8cc0\u5f8b\u4e5f\uff0f\u6de1\u7530\u548c\u4ec1\u3001\u9996\u85e4\u5eb7\u4e4b\uff0f\u9577\u7551\u572d\u662d\uff08\u30d1\u30eb\u30c1\u30b6\u30f3\uff09<br><br>\u300c\u30dc\u30ec\u30ed\u300d\uff1a\u30b8\u30e7\u30eb\u30b8\u30e5\u30fb\u30c9\u30f3\u3001\u897f\u8107\u4fe1\u7537\u3001\u76db\u5ddd\u8015\u3001\u9577\u7551\u572d\u662d\u3001\u98ef\u7530\u5b97\u5b5d\u3001\u68ee\u7530\u96c5\u9806\u3001\u9ad8\u5cb8\u76f4\u6a39\u3001\u5927\u69fb\u653f\u5fb3\u3001\u4e2d\u7530\u8c4a\u660e\u3001\u9234\u6728\u8cc0\u5f8b\u4e5f\u3001\u4f50\u85e4\u798e\u5fb3\u3001\u6728\u6751\u548c\u592b\u3001\u4f50\u3005\u6728\u771f\u4e5f\u3001\u690d\u677e\u516c\u6625\u3001\u6de1\u7530\u548c\u4ec1\u3001\u5bae\u5d0e\u7ae0\u592b\u3001\u7530\u4e2d\u82f1\u5e78\u3001\u6a3d\u4e95\u88d5\u5178\u3001\u65e5\u7389\u6d69\u53f2\u3001\u6c38\u4e95\u5eb7\u5b5d\u3001\u9996\u85e4\u5eb7\u4e4b\u3001\u68ee\u5145\u751f\u3001\u677e\u672c\u76f4\u6a39\u3001\u677e\u5ca1\u5b8f\u3001\u585a\u672c\u6643\u53f8\u3001\u8352\u4e95\u5149\u7d00\u3001\u6885\u6d25\u52dd\u4e5f\u3001\u6960\u672c\u5c06\u4e5f<\/td><\/tr><tr><td><strong><span class=\"has-inline-color has-vivid-cyan-blue-color\">Jorge Donn \/ Maurice Bejart \/ The Tokyo Ballet<\/span><\/strong><br>7th &amp; 8th April 1990, Festival Hall, Osaka<\/td><\/tr><tr><td>BUGAKU: Yukari Saito\/Miharu Nagai, Mayumi Katsumata\/Shiori Sano, Munetaka Iida\/Hironori Tarui, Naoki Takagishi\/Hiroshi Matsuoka, Masayuki Morita\/Kazuya Suzuki<br><br>VIE ET MORT D&#8217;UNE MARIONNETTE HUMAINE: Jorge Donn, Koji Hidama, Yasutaka Nagai, Yasuyuki Shuto<br><br>ADAGIETTO: Jorge Donn<br><br>THE FIREBIRD: Naoki Takagish\/Kazuo Kimura (Firebird), Kazuo Kimura\/Naoki Takagishi (Phoenix), Yukari Saito\/Miharu Nagai, Shiori Sano\/Akiko Nakajima. Munetaka Iida\/Kimiharu Uemura, Masayuki Morita\/Hironori Tarui, Kazuya Suzuki\/Kazuhito Awata, Yasuki Sguto\/Yoshiaki Nagahata(Partisans)<br><br>BOLERO: Jorge Donn, Nobuo Nishiwaki, Takashi Morikawa, Yoshiaki Nagahata, Munetaka Iida, Masayuki Morita, Masanori Otsuki, Toyoaki Nakada, Kazuya Suzuki, Yoshinori Sato, Kazuyo Kimura, Shinya Sasaki, Kimiharu Uemura, Kazuhito Awata, Akio Miyazaki, Hideyuki Tanaka, Hironori Tarui, Koji Hidama, Yasutaka Nagai, Yasutaka Nagai, Yasuyuki Shuto, Mitsuo Mori, Naoki Matsumoto, Hiroshi Matsuoka, Teuji Tsukamoto, Misunori Arai, Katsuya Umezu, Masaya Kusumoto<\/td><\/tr><\/tbody><\/table><\/figure>\n\n\n\n<figure id=\"anchor2\" class=\"wp-block-table\"><table><tbody><tr><td><strong><span class=\"has-inline-color has-vivid-cyan-blue-color\">\u30ac\u30ea\u30fc\u30ca\u30fb\u30cf\u30a4\u30d5\u30a7\u30c3\u30c4\uff08\u30f4\u30a1\u30a4\u30aa\u30ea\u30f3\uff09<\/span><\/strong><br>1990\u5e744\u670811\u65e5\u3000\u30d5\u30a7\u30b9\u30c6\u30a3\u30d0\u30eb\u30db\u30fc\u30eb<\/td><\/tr><tr><td>\u30d4\u30a2\u30ce\uff1a\u6e21\u9089\u5eb7\u96c4<br><br>\u30f4\u30a3\u30f4\u30a1\u30eb\u30c7\u30a3\uff1a\u30f4\u30a1\u30a4\u30aa\u30ea\u30f3 \u30fb\u30bd\u30ca\u30bf\u3000\u30cb\u9577\u8abf\uff08\u30ec\u30b9\u30d4\u30fc\u30ae\u7de8\uff09<br>\u30d9\u30fc\u30c8\u30fc\u30f4\u30a7\u30f3\uff1a\u30f4\u30a1\u30a4\u30aa\u30ea\u30f3\u30fb\u30bd\u30ca\u30bf\u7b2c9\u756a\u3000\u30a4\u9577\u8abf\u3000\u4f5c\u54c147\u300c\u30af\u30ed\u30a4\u30c1\u30a7\u30eb\u300d<br>\u30ea\u30e0\u30b9\u30ad\u30fc\uff1d\u30b3\u30eb\u30b5\u30b3\u30d5\uff1a\u91d1\u9d8f\u5909\u594f\u66f2\uff08\u30b8\u30f3\u30d0\u30ea\u30b9\u30c8\u7de8\uff09<br>\u30b8\u30e7\u30fc\u30b8\u30fb\u30ed\u30c3\u30af\u30d0\u30fc\u30b0\uff1a\u7121\u4f34\u594f\u30f4\u30a1\u30a4\u30aa\u30ea\u30f3 \u5947\u60f3\u5909\u594f\u66f2<br>\u30a2\u30ec\u30af\u30b5\u30f3\u30c0\u30fc\u30fb\u30b0\u30e9\u30ba\u30ce\u30d5\uff1a\u30b0\u30e9\u30f3\u30c9\u30fb\u30a2\u30c0\u30fc\u30b8\u30e7<br>\u30b5\u30e9\u30b5\u30fc\u30c6\uff1a\u30ab\u30eb\u30e1\u30f3\u5e7b\u60f3\u66f2<\/td><\/tr><tr><td><strong><span class=\"has-inline-color has-vivid-cyan-blue-color\">Galina Heifetz (Violin)<\/span><\/strong><br>11th April 1990, Festival Hall, Osaka<\/td><\/tr><tr><td>Yasuo Watanabe (Piano)<br><br>Vivaldi: Sonata in D-Major (Arr. by Respighi)<br>Beethoven: Sonata No.9 in A-Major Op.47 &#8220;Kreutzer&#8221;<br>Rimski-Korsakov: Fantasy from Le Coqd&#8217;Or (Arr.by Zimbalist)<br>George Rochberg: Caprice Variations for unaccompanied Violin<br>Alexander Glasunov: Grand Adagio<br>Sarasate: Fantasy from Carmen<\/td><\/tr><\/tbody><\/table><\/figure>\n\n\n\n<figure id=\"anchor3\" class=\"wp-block-table\"><table><tbody><tr><td><strong><span class=\"has-inline-color has-vivid-cyan-blue-color\">\u30d5\u30a7\u30b9\u30c6\u30a3\u30d0\u30eb\u80fd<\/span><\/strong><br>1990\u5e744\u670815\u65e5\u3000\u30d5\u30a7\u30b9\u30c6\u30a3\u30d0\u30eb\u30db\u30fc\u30eb<\/td><\/tr><tr><td>\u4ed5\u821e\u300c\u90af\u9132\u300d\uff08\u89b3\u4e16\u6d41\uff09\uff1a\u6885\u82e5\u559c\u9ad8<br>\u4ed5\u821e\u300c\u4e09\u8f2a\u300d\uff08\u89b3\u4e16\u6d41\uff09\uff1a\u6885\u82e5\u4fee\u4e00<br>\u4ed5\u821e\u300c\u7b39\u4e4b\u6bb5\u300d\uff08\u89b3\u4e16\u6d41\uff09\uff1a\u5ca1\u7530\u6717\u8a60<br>\u4ed5\u821e\u300c\u978d\u99ac\u5929\u72d7\u300d\uff08\u89b3\u4e16\u6d41\uff09\uff1a\u4e95\u4e0a\u751f\u9999<br>\u80fd\u300c\u91c7\u5973\u300d\uff08\u89b3\u4e16\u6d41\uff09\uff1a\u524d\u30b7\u30c6\u30fb\u5f8c\u30b8\u30c6\uff08\u6885\u82e5\u76db\u7fa9\uff09\u3001\u30ef\u30ad\uff08\u6307\u5438\u96c5\u4e4b\u52a9\uff09\u3001\u30ef\u30ad\u30c4\u30ec\uff08\u68ee\u672c\u5e78\u6cbb\u3001\u5e83\u8c37\u548c\u592b\uff09\u3001\u30a2\u30a4\uff08\u5584\u7af9\u5341\u90ce\uff09<br>\u72c2\u8a00\u300c\u7bc0\u5206\u300d\uff08\u5927\u8535\u6d41\uff09\uff1a\u30b7\u30c6\uff08\u5584\u7af9\u5b5d\u592b\uff09\u3001\u30a2\u30c9\uff08\u5584\u7af9\u5341\u90ce\uff09<br>\u4ed5\u821e\u300c\u5fe0\u5ea6\u300d\uff08\u89b3\u4e16\u6d41\uff09\uff1a\u5c71\u672c\u771f\u8cc0<br>\u80fd\u300c\u604b\u91cd\u8377\u300d\uff08\u89b3\u4e16\u6d41\uff09\uff1a\u524d\u30b7\u30c6\uff08\u5c71\u79d1\u8358\u53f8\uff09\u3001\u5f8c\u30b8\u30c6\uff08\u5927\u69fb\u6587\u8535\uff09\u3001\u30c4\u30ec\uff08\u8d64\u677e\u798e\u53cb\uff09\u3001\u30ef\u30ad\uff08\u798f\u738b\u8302\u5341\u90ce\uff09\u3001\u30a2\u30a4\uff08\u5584\u7af9\u5fe0\u91cd\uff09<\/td><\/tr><tr><td><strong><span class=\"has-inline-color has-vivid-cyan-blue-color\">FESTIVAL Noh<\/span><\/strong><br>15th April 1990, Festival Hall, Osaka<\/td><\/tr><tr><td>Shimai KANTAN (Kanze School): Umewaka Yoshitaka<br>Shimai MIWA (Kanze School): Umewaka Shuichi<br>Shimai SASA NO DAN (Kanze School): Okada Roei<br>Shimai KURAMATENGU (Kanze School): Inoue Nariyoshi<br>Noh play UNEME (Kanze School): Mae-Shite\/Nochi-jite (Umewaka Noriyoshi), Waki (Yubisui Masanosuke), Waki-Tsure (Morimoto Koji, Hirotani Kazuo), Ai (Zenchiku Juro)<br>Kyogen farce SETSUBUN (Okura School): Shite (Zenchiku Takao), Ado (Zenchiku Juro)<br>Shimai TADANORI (Kanze School): Yamamoto Masayoshi<br>Noh Play KOI NO OMONI (Kanze School): Mae-Shite\/Nochi-Jite (Otsuki Bunzo), Tsure (Akamatsu Sadatomo), Waki (Fukuo Shigejuro), Ai (Zenchiku Tadashige)<\/td><\/tr><\/tbody><\/table><\/figure>\n\n\n\n<figure id=\"anchor4\" class=\"wp-block-table\"><table><tbody><tr><td><strong><span class=\"has-inline-color has-vivid-cyan-blue-color\">\u30ec\u30c3\u30e9\u30fb\u30af\u30d9\u30eb\u30ea\uff08\u30bd\u30d7\u30e9\u30ce\uff09<\/span><\/strong><br>1990\u5e744\u670823\u65e5\u3000\u30d5\u30a7\u30b9\u30c6\u30a3\u30d0\u30eb\u30db\u30fc\u30eb<\/td><\/tr><tr><td>\u30d4\u30a2\u30ce\uff1a\u30ed\u30d0\u30fc\u30c8\u30fb\u30b1\u30c6\u30eb\u30bd\u30f3<br><br>\u30c1\u30a7\u30b9\u30c6\u30a3\uff1a\u3042\u3053\u304c\u308c\u306e\u4eba\u306b<br>\u30b0\u30eb\u30c3\u30af\uff1a\u304a\u304a\u3001\u79c1\u306e\u3044\u3068\u3057\u3044\u4eba\u3088<br>\u30d1\u30a4\u30b8\u30a7\u30c3\u30ed\uff1a\u3046\u3064\u308d\u306a\u5fc3<br>\u30ed\u30c3\u30b7\u30fc\u30cb\uff1a\u300c\u97f3\u697d\u306e\u591c\u4f1a\u300d\u3088\u308a\u3000\u7d04\u675f\uff0f\u53f1\u8cac\uff0f\u30a2\u30eb\u30d7\u30b9\u306e\u7f8a\u98fc\u3044\u306e\u5a18\u3001\u300c\u306a\u3050\u3055\u3081\u306e\u97f3\u697d\u300d\u3088\u308a\u3000\u4f55\u3082\u8a00\u308f\u305a\u306b\uff0f\u53e4\u98a8\u306a\u6b4c\uff0f\u30d5\u30a3\u30ec\u30f3\u30c4\u30a7\u306e\u82b1\u58f2\u308a\u5a18<br>\u30d9\u30eb\u30ea\u30aa\u30fc\u30ba\uff1a\u6b4c\u66f2\u96c6\u300c\u590f\u306e\u591c\u300dOp.\uff17\u3088\u308a\u3000\u30f4\u30a3\u30e9\u30cd\u30eb\uff0f\u8594\u8587\u306e\u7cbe\uff0f\u541b\u306a\u304f\u3066\u3001\u300c\u97f3\u697d\u5e33\u306e\u30da\u30fc\u30b8\u300dOp.19\u3088\u308a\u3000\u30b6\u30a4\u30c9<br>\u30ec\u30b9\u30d4\u30fc\u30ae\uff1a\u771f\u8d64\u306a\u7f8e\u3057\u3044\u5507\uff0f\u821e\u8e0a\u3078\u306e\u62db\u5f85\uff0f\u591c\uff0f\u30b9\u30c8\u30ed\u30cd\u30c3\u30ed\u3092\u6b4c\u3046\u5973\uff0f\u96ea\uff0f\u6e9c\u606f<\/td><\/tr><tr><td><strong><span class=\"has-inline-color has-vivid-cyan-blue-color\">Lella Cuberli (Soprano)<\/span><\/strong><br>23rd April 1990, Festival Hall, Osaka<\/td><\/tr><tr><td>Robert Kettelson (Piano)<br><br>Cesti: Intorno all&#8217;idol mio<br>Gluck: O del mio dolce ardor<br>Paisiello: Nel col pi\u00f9 non mi sento<br>Rossini: from LES SOIR\u00c9ES MUSICALES La promisessa\/ Il rimprovero\/ La pastorella dell&#8217;Alpi, from MUSIQUE ANODINE Mi lagnero Tacendo\/ Arietta all&#8217;antica\/ La fioraia Florentina<br>Berlioz: from LES NUITS D&#8217;\u00c9T\u00c9 Villanelle\/ Le spectre de la rose\/ Absence, from FEUILLETS D&#8217;ALBUM Zaide<br>Respighi: Bella porta di rubini\/ Invito alla danza\/ Notte\/ Stornellatrice\/ Nevicata\/ Soupir<\/td><\/tr><\/tbody><\/table><\/figure>\n\n\n\n<figure id=\"anchor5\" class=\"wp-block-table\"><table><tbody><tr><td><strong><span class=\"has-inline-color has-vivid-cyan-blue-color\">\u30b7\u30e5\u30c4\u30c3\u30c8\u30ac\u30eb\u30c8\u30fb\u30d0\u30ec\u30a8\u56e3<\/span><\/strong><br>1990\u5e744\u670826\u65e5\u300127\u65e5\u3000\u30d5\u30a7\u30b9\u30c6\u30a3\u30d0\u30eb\u30db\u30fc\u30eb<\/td><\/tr><tr><td>4\u670826\u65e5<br>\u300c\u30b8\u30bc\u30eb\u3068\u30a6\u30a3\u30ea\u30fc\u305f\u3061\u300d\u5168\uff12\u5e55\u3000\u30d7\u30ed\u30ed\u30fc\u30b0\u4ed8<br>\u97f3\u697d\uff1a\u30a2\u30c9\u30eb\u30d5\u30fb\u30a2\u30c0\u30f3<br>\u632f\u4ed8\u30fb\u6f14\u51fa\uff1a\u30de\u30eb\u30b7\u30a2\u30fb\u30cf\u30a4\u30c7<br>\u88c5\u7f6e\u30fb\u8863\u88f3\uff1a\u30a8\u30ea\u30b6\u30d9\u30fc\u30c8\u30fb\u30c0\u30eb\u30c8\u30f3<br><br>4\u670827\u65e5<br>\u300c\u7720\u308c\u308b\u68ee\u306e\u7f8e\u5973\u300d\u5168\uff13\u5e55\u3000\u30d7\u30ed\u30ed\u30fc\u30b0\u4ed8<br>\u97f3\u697d\uff1a\u30c1\u30e3\u30a4\u30b3\u30d5\u30b9\u30ad\u30fc<br>\u632f\u4ed8\uff1a\u30de\u30eb\u30b7\u30a2\u30fb\u30cf\u30a4\u30c7\uff08M. \u30d7\u30c6\u30a3\u30d1\u7248\u306b\u3088\u308b\uff09<br>\u6f14\u51fa\uff1a\u30de\u30eb\u30b7\u30a2\u30fb\u30cf\u30a4\u30c7<br>\u88c5\u7f6e\u30fb\u8863\u88f3\uff1a\u30e6\u30eb\u30b2\u30f3\u30fb\u30ed\u30fc\u30bc<\/td><\/tr><tr><td><strong><span class=\"has-inline-color has-vivid-cyan-blue-color\">Stuttgart Ballet<\/span><\/strong><br>26th &amp; 27th April 1990, Festival Hall, Osaka<\/td><\/tr><tr><td>26th April<br>\u201cGISELLE AND THE WILLIS\u201d Ballet in two acts and a prologue<br>Music: Adolphe Adam<br>Choreography and direction: Marcia Hayd\u00e9e<br>Sets and Costumes: Elisabeth Dalton<br><br>27th April<br>\u201cTHE SLEEPING BEAUTY\u201d Ballet in three acts and a prologue<br>Music: Tchaikovsky<br>Choreography: Marcia Hayd\u00e9e (after M. Petipa)<br>Direction: Marcia Hayd\u00e9e<br>Sets and Costumes: J\u00fcrgen Rose<\/td><\/tr><\/tbody><\/table><\/figure>\n\n\n\n<figure id=\"anchor6\" class=\"wp-block-table\"><table><tbody><tr><td><strong><span class=\"has-inline-color has-vivid-cyan-blue-color\">\u30a2\u30f3\u30d8\u30eb\u30fb\u30ed\u30e1\u30ed\uff08\u30ae\u30bf\u30fc\uff09<\/span><\/strong><br>1990\u5e745\u67089\u65e5\u3000\u30d5\u30a7\u30b9\u30c6\u30a3\u30d0\u30eb\u30db\u30fc\u30eb<\/td><\/tr><tr><td>J. S. \u30d0\u30c3\u30cf\uff1a\u7121\u4f34\u594f\u30c1\u30a7\u30ed\u7d44\u66f2\u7b2c1\u756a\u3000\u30c8\u9577\u8abf\u3000BWV.1007<br>J. S. \u30d0\u30c3\u30cf\uff1a\u7121\u4f34\u594f\u30f4\u30a1\u30a4\u30aa\u30ea\u30f3\u30fb\u30bd\u30ca\u30bf\u3000\u7b2c2\u756a\u3000\u30a4\u77ed\u8abf\u3000BWV.1003\u3088\u308a\u30a2\u30f3\u30c0\u30f3\u30c6<br>J. S. \u30d0\u30c3\u30cf\uff1a\u524d\u594f\u66f2\u3001\u30d5\u30fc\u30ac\u3068\u30a2\u30ec\u30b0\u30ed\u3000\u5909\u30db\u9577\u8abf\u3000BWV.998\u3088\u308a\u524d\u594f\u66f2<br>J. S. \u30d0\u30c3\u30cf\uff1a\u7121\u4f34\u594f\u30f4\u30a1\u30a4\u30aa\u30ea\u30f3\u30fb\u30d1\u30eb\u30c6\u30a3\u30fc\u30bf\u3000\u7b2c2\u756a\u3000\u30cb\u77ed\u8abf\u3000BWV.1004\u3088\u308a\u30b7\u30e3\u30b3\u30f3\u30cc<br>A. \u30d0\u30ea\u30aa\u30b9\uff1a\u68ee\u306b\u5922\u898b\u308b<br>I. \u30a2\u30eb\u30d9\u30cb\u30b9 \uff1a\u30bb\u30d3\u30fc\u30ea\u30e3\u3001\u30a2\u30b9\u30c8\u30a5\u30fc\u30ea\u30a2\u30b9<br>J. \u30c8\u30a5\u30ea\u30fc\u30ca\uff1a\u30e9\u30d5\u30a1\u30ac<br>F. \u30bf\u30eb\u30ec\u30ac\uff1a\u30b0\u30e9\u30f3\u30fb\u30db\u30bf<\/td><\/tr><tr><td><strong><span class=\"has-inline-color has-vivid-cyan-blue-color\">Angel Romero (Guitar)<\/span><\/strong><br>9th May 1990, Festival Hall, Osaka<\/td><\/tr><tr><td>J. S. Bach: Suite No.1 in G-Major BWV.1007<br>J. S. Bach: Andante from Sonata No.2 in a-minor BWV.1003<br>J. S. Bach: Prelude from Prelude, Fugue and Allegro in E-flat Major BWV.998<br>J. S. Bach: Chaconne from Partita No.2 in d-minor BWV.1004<br>A. Barrios: Sue\u00f1o en la floresta<br>I. Albenis: Sevilla, Asturias<br>J. Turina: Rafaga<br>F. Tarrega: Grand Jota<\/td><\/tr><\/tbody><\/table><\/figure>\n\n\n\n<figure id=\"anchor7\" class=\"wp-block-table\"><table><tbody><tr><td><strong><span class=\"has-inline-color has-vivid-cyan-blue-color\">\u30d0\u30f3\u30d9\u30eb\u30af\u4ea4\u97ff\u697d\u56e3<\/span><\/strong><br>1990\u5e745\u670810\u65e5\u300111\u65e5\u3000\u30d5\u30a7\u30b9\u30c6\u30a3\u30d0\u30eb\u30db\u30fc\u30eb<\/td><\/tr><tr><td>\u30db\u30eb\u30b9\u30c8\u30fb\u30b7\u30e5\u30bf\u30a4\u30f3\uff08\u6307\u63ee\uff09<br><br>5\u670810\u65e5<br>\u30d5\u30e9\u30f3\u30af\u30fb\u30da\u30fc\u30bf\u30fc\u30fb\u30c4\u30a3\u30f3\u30de\u30fc\u30de\u30f3\uff08\u30f4\u30a1\u30a4\u30aa\u30ea\u30f3\uff09<br>\u30d6\u30e9\u30fc\u30e0\u30b9\uff1a\u60b2\u5287\u7684\u5e8f\u66f2\u3000\u4f5c\u54c181<br>\u30d6\u30e9\u30fc\u30e0\u30b9\uff1a\u30f4\u30a1\u30a4\u30aa\u30ea\u30f3\u5354\u594f\u66f2\u3000\u30cb\u9577\u8abf\u3000\u4f5c\u54c177<br>\u30d6\u30e9\u30fc\u30e0\u30b9\uff1a\u4ea4\u97ff\u66f2\u7b2c1\u756a\u3000\u30cf\u77ed\u8abf\u3000\u4f5c\u54c168<br><br>5\u670811\u65e5<br>\u30a8\u30ea\u30b6\u30d9\u30fc\u30c8\u30fb\u30ec\u30aa\u30f3\u30b9\u30ab\u30e4\uff08\u30d4\u30a2\u30ce\uff09<br>\u30d6\u30e9\u30fc\u30e0\u30b9\uff1a\u30d4\u30a2\u30ce\u5354\u594f\u66f2\u7b2c2\u756a\u3000\u5909\u30ed\u9577\u8abf\u3000\u4f5c\u54c183<br>\u30d6\u30e9\u30fc\u30e0\u30b9\uff1a\u4ea4\u97ff\u66f2\u7b2c4\u756a\u3000\u30db\u77ed\u8abf\u3000\u4f5c\u54c198<\/td><\/tr><tr><td><strong><span class=\"has-inline-color has-vivid-cyan-blue-color\">Ba\uff4dberger Symphoniker<\/span><\/strong><br>10th &amp; 11th May 1990, Festival Hall. Osaka<\/td><\/tr><tr><td>Horst Stein (Cond.)<br><br>10th May<br>Frank Peter Zimmermann (Soloist\/Violin)<br>Brahms: Tragic Overture Op.81<br>Brahms: Violin Concerto in D-Major Op.77<br>Brahms: Symphony No.1 in c-minor Op.68<br><br>11th May<br>Elisabeth Leonskaya (Soloist\/Piano)<br>Brahms: Piano Concerto No.2 in B-flat Major Op.83<br>Brahms: Symphony No.4 in e-minor Op.98<\/td><\/tr><\/tbody><\/table><\/figure>\n","protected":false},"excerpt":{"rendered":"<p>\u7b2c32\u56de\u5927\u962a\u56fd\u969b\u30d5\u30a7\u30b9\u30c6\u30a3\u30d0\u30eb32nd Osaka International Festival 19901990\u5e744\u67087\u65e5\u301c5\u670811\u65e5 4\/7\u30018\u3000\u6771\u4eac\u30d0\u30ec\u30a8\u56e3\u300c\u30b8\u30e7\u30eb\u30b8\u30e5\u30fb\u30c9\u30f3\u306e\u30dc\u30ec\u30ed\u300d 4\/11\u3000\u30ac\u30ea\u30fc\u30ca\u30fb\u30cf\u30a4\u30d5\u30a7 [&hellip;]<\/p>\n","protected":false},"author":2,"featured_media":0,"comment_status":"open","ping_status":"open","sticky":false,"template":"","format":"standard","meta":[],"categories":[72,5],"tags":[],"_links":{"self":[{"href":"https:\/\/www.asahizaidan.or.jp\/festival\/wp-json\/wp\/v2\/posts\/840"}],"collection":[{"href":"https:\/\/www.asahizaidan.or.jp\/festival\/wp-json\/wp\/v2\/posts"}],"about":[{"href":"https:\/\/www.asahizaidan.or.jp\/festival\/wp-json\/wp\/v2\/types\/post"}],"author":[{"embeddable":true,"href":"https:\/\/www.asahizaidan.or.jp\/festival\/wp-json\/wp\/v2\/users\/2"}],"replies":[{"embeddable":true,"href":"https:\/\/www.asahizaidan.or.jp\/festival\/wp-json\/wp\/v2\/comments?post=840"}],"version-history":[{"count":9,"href":"https:\/\/www.asahizaidan.or.jp\/festival\/wp-json\/wp\/v2\/posts\/840\/revisions"}],"predecessor-version":[{"id":849,"href":"https:\/\/www.asahizaidan.or.jp\/festival\/wp-json\/wp\/v2\/posts\/840\/revisions\/849"}],"wp:attachment":[{"href":"https:\/\/www.asahizaidan.or.jp\/festival\/wp-json\/wp\/v2\/media?parent=840"}],"wp:term":[{"taxonomy":"category","embeddable":true,"href":"https:\/\/www.asahizaidan.or.jp\/festival\/wp-json\/wp\/v2\/categories?post=840"},{"taxonomy":"post_tag","embeddable":true,"href":"https:\/\/www.asahizaidan.or.jp\/festival\/wp-json\/wp\/v2\/tags?post=840"}],"curies":[{"name":"wp","href":"https:\/\/api.w.org\/{rel}","templated":true}]}}